{"id":14333,"date":"2017-05-14T21:18:13","date_gmt":"2017-05-14T21:18:13","guid":{"rendered":"http:\/\/rurallascolonias.com.ar\/?p=14333"},"modified":"2017-05-14T21:18:13","modified_gmt":"2017-05-14T21:18:13","slug":"importante-convocatoria-en-la-charla-de-castillo","status":"publish","type":"post","link":"http:\/\/rurallascolonias.com.ar\/?p=14333","title":{"rendered":"IMPORTANTE CONVOCATORIA EN LA CHARLA DE CASTILLO"},"content":{"rendered":"<p><em><strong><a href=\"http:\/\/rurallascolonias.com.ar\/?attachment_id=14335\" rel=\"attachment wp-att-14335\"><img loading=\"lazy\" class=\"aligncenter size-full wp-image-14335\" src=\"http:\/\/rurallascolonias.com.ar\/wp-content\/uploads\/2017\/05\/20170512_202319.jpg\" alt=\"\" width=\"2560\" height=\"1536\" srcset=\"http:\/\/rurallascolonias.com.ar\/wp-content\/uploads\/2017\/05\/20170512_202319.jpg 2560w, http:\/\/rurallascolonias.com.ar\/wp-content\/uploads\/2017\/05\/20170512_202319-300x180.jpg 300w, http:\/\/rurallascolonias.com.ar\/wp-content\/uploads\/2017\/05\/20170512_202319-768x461.jpg 768w, http:\/\/rurallascolonias.com.ar\/wp-content\/uploads\/2017\/05\/20170512_202319-1024x614.jpg 1024w, http:\/\/rurallascolonias.com.ar\/wp-content\/uploads\/2017\/05\/20170512_202319-600x360.jpg 600w, http:\/\/rurallascolonias.com.ar\/wp-content\/uploads\/2017\/05\/20170512_202319-624x374.jpg 624w\" sizes=\"(max-width: 2560px) 100vw, 2560px\" \/><\/a>Investigador y consultor, el\u00a0Dr. Alejandro Castillo (Universidad de California, Davis) fue el cierre de una exitosa Vidriera Gen\u00e9tica que comenz\u00f3 el mes pasado con su tradicional remate, organizada por la Sociedad Rural de Las Colonias junto a la Cooperativa Guillermo Lehmann<\/strong><\/em><!--more--><\/p>\n<p><a href=\"http:\/\/rurallascolonias.com.ar\/?attachment_id=14337\" rel=\"attachment wp-att-14337\"><img loading=\"lazy\" class=\"aligncenter size-full wp-image-14337\" src=\"http:\/\/rurallascolonias.com.ar\/wp-content\/uploads\/2017\/05\/20170512_202511.jpg\" alt=\"\" width=\"2560\" height=\"1536\" srcset=\"http:\/\/rurallascolonias.com.ar\/wp-content\/uploads\/2017\/05\/20170512_202511.jpg 2560w, http:\/\/rurallascolonias.com.ar\/wp-content\/uploads\/2017\/05\/20170512_202511-300x180.jpg 300w, http:\/\/rurallascolonias.com.ar\/wp-content\/uploads\/2017\/05\/20170512_202511-768x461.jpg 768w, http:\/\/rurallascolonias.com.ar\/wp-content\/uploads\/2017\/05\/20170512_202511-1024x614.jpg 1024w, http:\/\/rurallascolonias.com.ar\/wp-content\/uploads\/2017\/05\/20170512_202511-600x360.jpg 600w, http:\/\/rurallascolonias.com.ar\/wp-content\/uploads\/2017\/05\/20170512_202511-624x374.jpg 624w\" sizes=\"(max-width: 2560px) 100vw, 2560px\" \/><\/a>El profesional abord\u00f3 la tem\u00e1tica \u00abSustentabilidad de los sistemas de producci\u00f3n lechera\u00bb, dando una definici\u00f3n de lo que \u00e9sto significa, \u00abun sistema integrado por pr\u00e1cticas de producci\u00f3n animal y vegetal para un lugar espec\u00edfico de aplicaci\u00f3n y con un objetivo de largo plazo: (a) para satisfacer las necesidades humanas de alimentaci\u00f3n y fibra, (b) mejorar la calidad ambiental y los recursos naturales de los cuales depende la econom\u00eda del sector agropecuario, (c) hacer el uso mas eficiente de los recursos no renovables y renovables en cada establecimiento e integrar, donde corresponda, el control de los ciclos biol\u00f3gicos naturales, (d) mantener la viabilidad econ\u00f3mica de los sistemas de producci\u00f3n, (e) mejorar la calidad de vida de los agricultores y la sociedad en su conjunto\u00bb. Tambi\u00e9n se refiri\u00f3 a los factores que afectan la sustentabilidad; los principales desaf\u00edos de los sistemas de producci\u00f3n de leche y dej\u00f3 para el final un mensaje \u00abLa sustentabilidad no es un problema s\u00f3lo de los productores lecheros, es una responsabilidad de todos. \u00a0\u2022 Econom\u00eda. Cuidado ambiental. Opini\u00f3n p\u00fablica \u00a0\u2022 Entender y solucionar los problemas relacionados con la sustentabilidad de los sistemas lecheros es el gran desaf\u00edo de la industria l\u00e1ctea\u00bb, concluy\u00f3.<\/p>\n<p>Sociedad Rural de Las Colonias<\/p>\n","protected":false},"excerpt":{"rendered":"<p>Investigador y consultor, el\u00a0Dr. Alejandro Castillo (Universidad de California, Davis) fue el cierre de una exitosa Vidriera Gen\u00e9tica que comenz\u00f3 el mes pasado con su tradicional remate, organizada por la Sociedad Rural de Las Colonias junto a la Cooperativa Guillermo Lehmann<\/p>\n","protected":false},"author":5,"featured_media":0,"comment_status":"open","ping_status":"open","sticky":false,"template":"","format":"standard","meta":[],"categories":[2306],"tags":[3731,1909,857],"_links":{"self":[{"href":"http:\/\/rurallascolonias.com.ar\/index.php?rest_route=\/wp\/v2\/posts\/14333"}],"collection":[{"href":"http:\/\/rurallascolonias.com.ar\/index.php?rest_route=\/wp\/v2\/posts"}],"about":[{"href":"http:\/\/rurallascolonias.com.ar\/index.php?rest_route=\/wp\/v2\/types\/post"}],"author":[{"embeddable":true,"href":"http:\/\/rurallascolonias.com.ar\/index.php?rest_route=\/wp\/v2\/users\/5"}],"replies":[{"embeddable":true,"href":"http:\/\/rurallascolonias.com.ar\/index.php?rest_route=%2Fwp%2Fv2%2Fcomments&post=14333"}],"version-history":[{"count":2,"href":"http:\/\/rurallascolonias.com.ar\/index.php?rest_route=\/wp\/v2\/posts\/14333\/revisions"}],"predecessor-version":[{"id":14338,"href":"http:\/\/rurallascolonias.com.ar\/index.php?rest_route=\/wp\/v2\/posts\/14333\/revisions\/14338"}],"wp:attachment":[{"href":"http:\/\/rurallascolonias.com.ar\/index.php?rest_route=%2Fwp%2Fv2%2Fmedia&parent=14333"}],"wp:term":[{"taxonomy":"category","embeddable":true,"href":"http:\/\/rurallascolonias.com.ar\/index.php?rest_route=%2Fwp%2Fv2%2Fcategories&post=14333"},{"taxonomy":"post_tag","embeddable":true,"href":"http:\/\/rurallascolonias.com.ar\/index.php?rest_route=%2Fwp%2Fv2%2Ftags&post=14333"}],"curies":[{"name":"wp","href":"https:\/\/api.w.org\/{rel}","templated":true}]}}