{"id":14313,"date":"2017-05-10T10:03:55","date_gmt":"2017-05-10T10:03:55","guid":{"rendered":"http:\/\/rurallascolonias.com.ar\/?p=14313"},"modified":"2017-05-10T17:08:58","modified_gmt":"2017-05-10T17:08:58","slug":"el-consejo-economico-y-social-avanza-en-la-elaboracion-de-recomendaciones-para-politicas-publicas-destinadas-a-infancias-y-juventudes","status":"publish","type":"post","link":"http:\/\/rurallascolonias.com.ar\/?p=14313","title":{"rendered":"EL CONSEJO ECON\u00d3MICO Y SOCIAL AVANZA EN LA ELABORACI\u00d3N DE RECOMENDACIONES PARA POL\u00cdTICAS P\u00daBLICAS DESTINADAS A INFANCIAS Y JUVENTUDES"},"content":{"rendered":"<p><strong><em><a href=\"http:\/\/rurallascolonias.com.ar\/?attachment_id=14314\" rel=\"attachment wp-att-14314\"><img loading=\"lazy\" class=\"aligncenter size-full wp-image-14314\" src=\"http:\/\/rurallascolonias.com.ar\/wp-content\/uploads\/2017\/05\/consejo-econ\u00f3mico-y-social.jpg\" alt=\"\" width=\"300\" height=\"168\" \/><\/a>A partir del diagn\u00f3stico de las realidades de ni\u00f1os y adolescentes de la provincia, la Comisi\u00f3n de Infancias y Juventudes elabora recomendaciones que ser\u00e1n presentadas oportunamente<\/em><\/strong><!--more--><\/p>\n<p>La Comisi\u00f3n de Infancias y Juventudes del Consejo Econ\u00f3mico y Social (CEyS) de la provincia de Santa Fe se reuni\u00f3 este martes con el objetivo de continuar el an\u00e1lisis y la elaboraci\u00f3n de propuestas sobre las problem\u00e1ticas identificadas en la \u00faltima reuni\u00f3n del a\u00f1o pasado.<\/p>\n<p>En la jornada, la comisi\u00f3n hizo especial hincapi\u00e9 en los problemas que atraviesan a los ni\u00f1os, ni\u00f1as, adolescentes y j\u00f3venes en cuanto al trabajo y el acceso a la educaci\u00f3n.<\/p>\n<p>En la apertura del encuentro, la coordinadora ejecutiva del CEyS y subsecretaria de Desarrollo Estrat\u00e9gico, Mar\u00eda Paz Guti\u00e9rrez, expres\u00f3 que \u201cadem\u00e1s de continuar con el trabajo que venimos realizando en esta comisi\u00f3n, debemos acordar un plan para el a\u00f1o. La propuesta es que nos pongamos como objetivo elaborar un producto concreto para ser presentado al presidente del Consejo, el gobernador Miguel Lifschitz. Es decir que, a partir del diagn\u00f3stico multisectorial sobre la situaci\u00f3n de la infancia, la adolescencia y la juventud en la provincia de Santa Fe, que comenzamos a realizar el a\u00f1o pasado, debemos trabajar en 2017 no solo en clave de diagn\u00f3stico sino tambi\u00e9n en clave de proposici\u00f3n\u201d.<\/p>\n<p>Guti\u00e9rrez remarc\u00f3 que \u201cla misi\u00f3n del Consejo es asesorar y acompa\u00f1ar al Poder Ejecutivo en la definici\u00f3n de pol\u00edticas integrales que impulsen el desarrollo econ\u00f3mico, productivo y social de la provincia desde una perspectiva estrat\u00e9gica y de largo plazo. Entonces, desde esta comisi\u00f3n debemos generar recomendaciones referidas a pol\u00edticas p\u00fablicas de infancias y juventudes\u201d.<\/p>\n<p>En la oportunidad, los integrantes de la comisi\u00f3n acordaron plasmar esas recomendaciones en un documento informativo.<\/p>\n<p>Finalizado el debate sobre trabajo y educaci\u00f3n, se acord\u00f3 enriquecer el an\u00e1lisis a partir de la elaboraci\u00f3n de propuestas al interior de cada organizaci\u00f3n, para ponerlas en com\u00fan durante los pr\u00f3ximos encuentros de la comisi\u00f3n que se llevar\u00e1n a cabo el pr\u00f3ximo 30 de mayo y el 13 de junio.<\/p>\n<p><strong>PRESENTES<\/strong><br \/>\nEl encuentro, que se llev\u00f3 a cabo en la sede de la Asociaci\u00f3n Hebrea Sefarad\u00ed de la ciudad de Santa Fe, cont\u00f3 con la presencia de funcionarios de los ministerios de Educaci\u00f3n, y de Trabajo y Seguridad Social, quienes brindaron informaci\u00f3n sobre el marco institucional y normativo como as\u00ed tambi\u00e9n sobre los programas y proyectos del gobierno provincial en torno a \u00e9stas tem\u00e1ticas. Tambi\u00e9n participaron referentes del Gabinete Joven, del Ministerio de Innovaci\u00f3n y Cultura, y de la Agencia de Prevenci\u00f3n del Consumo de Drogas y Tratamiento Integral de las Adicciones (Aprecod).<\/p>\n<p>Formaron parte de la reuni\u00f3n representantes de las siguientes organizaciones: la Uni\u00f3n Personal Civil de la Naci\u00f3n (UPCN Santa Fe); la Asociaci\u00f3n de Magisterio de Santa Fe (Amsafe); la Central de Trabajadores de la Argentina (CTA); la Confederaci\u00f3n de Asociaciones Rurales de Santa Fe (Carsfe); la Delegaci\u00f3n de Asociaciones Israelitas Argentinas (DAIA Santa Fe); la Fundaci\u00f3n Espacios de Aprendizaje y Capacitaci\u00f3n de Rafaela y, por \u00faltimo, la Asociaci\u00f3n Civil Jes\u00fas Misericordioso y la Liga de Madres de Familia, ambas de Venado Tuerto<\/p>\n","protected":false},"excerpt":{"rendered":"<p>A partir del diagn\u00f3stico de las realidades de ni\u00f1os y adolescentes de la provincia, la Comisi\u00f3n de Infancias y Juventudes elabora recomendaciones que ser\u00e1n presentadas oportunamente<\/p>\n","protected":false},"author":5,"featured_media":0,"comment_status":"open","ping_status":"open","sticky":false,"template":"","format":"standard","meta":[],"categories":[1393],"tags":[2825,3727,3728,1309],"_links":{"self":[{"href":"http:\/\/rurallascolonias.com.ar\/index.php?rest_route=\/wp\/v2\/posts\/14313"}],"collection":[{"href":"http:\/\/rurallascolonias.com.ar\/index.php?rest_route=\/wp\/v2\/posts"}],"about":[{"href":"http:\/\/rurallascolonias.com.ar\/index.php?rest_route=\/wp\/v2\/types\/post"}],"author":[{"embeddable":true,"href":"http:\/\/rurallascolonias.com.ar\/index.php?rest_route=\/wp\/v2\/users\/5"}],"replies":[{"embeddable":true,"href":"http:\/\/rurallascolonias.com.ar\/index.php?rest_route=%2Fwp%2Fv2%2Fcomments&post=14313"}],"version-history":[{"count":1,"href":"http:\/\/rurallascolonias.com.ar\/index.php?rest_route=\/wp\/v2\/posts\/14313\/revisions"}],"predecessor-version":[{"id":14315,"href":"http:\/\/rurallascolonias.com.ar\/index.php?rest_route=\/wp\/v2\/posts\/14313\/revisions\/14315"}],"wp:attachment":[{"href":"http:\/\/rurallascolonias.com.ar\/index.php?rest_route=%2Fwp%2Fv2%2Fmedia&parent=14313"}],"wp:term":[{"taxonomy":"category","embeddable":true,"href":"http:\/\/rurallascolonias.com.ar\/index.php?rest_route=%2Fwp%2Fv2%2Fcategories&post=14313"},{"taxonomy":"post_tag","embeddable":true,"href":"http:\/\/rurallascolonias.com.ar\/index.php?rest_route=%2Fwp%2Fv2%2Ftags&post=14313"}],"curies":[{"name":"wp","href":"https:\/\/api.w.org\/{rel}","templated":true}]}}