{"id":1426,"date":"2014-02-18T17:31:49","date_gmt":"2014-02-18T17:31:49","guid":{"rendered":"http:\/\/rurallascolonias.com.ar\/?p=1426"},"modified":"2014-02-18T17:31:49","modified_gmt":"2014-02-18T17:31:49","slug":"la-baja-en-los-precios-de-la-carne-solo-llegaria-la-proxima-semana","status":"publish","type":"post","link":"http:\/\/rurallascolonias.com.ar\/?p=1426","title":{"rendered":"LA BAJA EN LOS PRECIOS DE LA CARNE S\u00d3LO LLEGAR\u00cdA LA PR\u00d3XIMA SEMANA"},"content":{"rendered":"<div><a href=\"http:\/\/rurallascolonias.com.ar\/wp-content\/uploads\/2014\/02\/precio-de-la-carne1.jpg\"><img loading=\"lazy\" class=\"aligncenter size-full wp-image-1427\" alt=\"precio de la carne\" src=\"http:\/\/rurallascolonias.com.ar\/wp-content\/uploads\/2014\/02\/precio-de-la-carne1.jpg\" width=\"337\" height=\"149\" srcset=\"http:\/\/rurallascolonias.com.ar\/wp-content\/uploads\/2014\/02\/precio-de-la-carne1.jpg 337w, http:\/\/rurallascolonias.com.ar\/wp-content\/uploads\/2014\/02\/precio-de-la-carne1-300x132.jpg 300w\" sizes=\"(max-width: 337px) 100vw, 337px\" \/><\/a>Se demor\u00f3 el acuerdo por las trabas a la exportaci\u00f3n que sigui\u00f3 aplicando el Gobierno.<!--more--><\/div>\n<div><\/div>\n<div>\n<h4 align=\"justify\">La posibilidad de un acuerdo de precios en el sector de la carne qued\u00f3 en las \u00faltimas horas en medio de un tira y afloja entre el Gobierno y los exportadores, y s\u00f3lo la pr\u00f3xima semana podr\u00eda implementarse el convenio para que cuatro cortes c\u00e1rnicos parrilleros (asado, vac\u00edo, entra\u00f1a y matambre) se vendan en carnicer\u00edas y supermercados con precios hasta 30 por ciento inferiores a los actuales.<\/h4>\n<h4 align=\"justify\">Como inform\u00f3 LA NACION en su edici\u00f3n del jueves pasado, luego de haberles frenado el otorgamiento de permisos de ventas al exterior, el Gobierno, a trav\u00e9s del secretario de Comercio, Augusto Costa, sent\u00f3 a los frigor\u00edficos exportadores para negociar.<\/h4>\n<h4 align=\"justify\">Prometi\u00f3 liberar embarques a cambio de un acuerdo por la carne. Los frigor\u00edficos, por su parte, acercaron una propuesta para entregar en el circuito comercial cortes parrilleros de novillo y vaca a valores accesibles, entre otros precios, a 38 pesos el kilo de asado de novillo y a 29 pesos el kilo de asado de vaca, adem\u00e1s de $ 45 y $ 36 el vac\u00edo, respectivamente, para cada categor\u00eda de hacienda, entre otros productos.<\/h4>\n<h4 align=\"justify\">El Gobierno cumpli\u00f3 su promesa a medias. \u00abEn total s\u00f3lo dejaron exportar el 20 por ciento de lo que dijeron\u00bb, cont\u00f3 ayer, resignado, un empresario porque, lejos de flexibilizarse, se hab\u00edan acentuado las trabas para exportar. En rigor, despu\u00e9s de varios d\u00edas sin se\u00f1ales respecto de si estaba dispuesta a avanzar con la propuesta de los exportadores, ayer la Secretar\u00eda de Comercio llam\u00f3 a los frigor\u00edficos, que fueron a ver a al subsecretario Ariel Langer. Y el pacto fue liberar los embarques a cambio de que el convenio se ponga en marcha la pr\u00f3xima semana.<\/h4>\n<h4 align=\"justify\">\u00abNos van a liberar la mercader\u00eda pendiente y se va a avanzar con el acuerdo. Nosotros les entregamos la lista de carnicer\u00edas donde vamos a entregar y ellos [por la Secretar\u00eda de Comercio] hablan con los supermercados para sumarlos\u00bb, cont\u00f3 una fuente vinculada con la exportaci\u00f3n.<\/h4>\n<h4 align=\"justify\">Seg\u00fan trascendi\u00f3, el acuerdo con precios rebajados reci\u00e9n se pondr\u00eda en pr\u00e1ctica la pr\u00f3xima semana.<\/h4>\n<h4 align=\"justify\">Los frigor\u00edficos exportadores abastecer\u00e1n 4000 toneladas por mes, que, anualizadas, suman unas 48.000 toneladas. Eso representa la cobertura de apenas 2% el consumo local.<\/h4>\n<h4 align=\"justify\"><b>Sindicato preocupado<\/b><\/h4>\n<h4 align=\"justify\">Las trabas a las exportaciones provocaron tambi\u00e9n preocupaci\u00f3n entre los trabajadores de los frigor\u00edficos.<\/h4>\n<h4 align=\"justify\">La industria perdi\u00f3 15.000 empleos desde 2009 y ahora hay otros 1000 en peligro por el cierre por 60 d\u00edas de las plantas que el grupo brasile\u00f1o Marfrig posee en Hughes, Santa Fe, y en Unquillo, C\u00f3rdoba.<\/h4>\n<h4 align=\"justify\">\u00abEsto repercute entre los trabajadores. No exportar les genera inconvenientes a las empresas. Estamos defendiendo las fuentes de trabajo\u00bb, se\u00f1al\u00f3 Carlos Molinares, secretario de Organizaci\u00f3n de la Federaci\u00f3n Gremial del Personal de la Industria de la Carne.<\/h4>\n<h4 align=\"justify\">Molinares defendi\u00f3 a los frigor\u00edficos a los que se les frenaron embarques. \u00abNo se ataca a quien se tiene que atacar. Ellos [por los frigor\u00edficos] entregan el asado a 28 o 29 pesos el kilo, pero despu\u00e9s en los supermercados est\u00e1 a 60 pesos. No hay que atacar a los frigor\u00edficos, sino al que se queda con la diferencia\u00bb, precis\u00f3.<\/h4>\n<h4 align=\"justify\"><b>Pedidos y advertencia<\/b><\/h4>\n<h4 align=\"justify\">Adem\u00e1s de sumarse al reclamo por las exportaciones, en ese sindicato quieren que el Gobierno los reciba para plantearle la situaci\u00f3n de los obreros de la compa\u00f1\u00eda Marfrig y de los trabajadores del sector en general.<\/h4>\n<h4 align=\"justify\">De hecho, el gremio le envi\u00f3 una nota hace dos semanas al jefe de Gabinete, Jorge Capitanich, para solicitar una audiencia, pero hasta ahora no logr\u00f3 ser recibido por el funcionario.<\/h4>\n<h4 align=\"justify\">\u00abEstamos buscando que el Gobierno y la empresa [por Marfrig] intercedan. Si para el jueves no hay nada concreto, seguramente vamos a iniciar alguna medida, con alguna movilizaci\u00f3n o corte de ruta\u00bb, indic\u00f3 Molinares.<\/h4>\n<h4 align=\"justify\">Anoche los empresarios aguardaban que hoy se cumpla la promesa de agilizar los permisos de embarque. Esperan ese gesto, porque abrir\u00eda el paso al acuerdo por los precios en los mostradores.<\/h4>\n<h4 align=\"justify\"><b>Cr\u00edticas de Agricultura al ruralismo<\/b><\/h4>\n<h4 align=\"justify\">\u00abAlgunos dirigentes agropecuarios pretenden, como en la dictadura, colocar al frente del Ministerio a un representante de la Sociedad Rural o de Confederaciones Rurales Argentinas\u00bb, dijo el jefe de Gabinete de la cartera agr\u00edcola, H\u00e9ctor Espina.<\/h4>\n<h4 align=\"justify\">En declaraciones a radio Continental, el funcionario intent\u00f3 refutar las cr\u00edticas de los dirigentes de la Comisi\u00f3n de Enlace al ministro Carlos Casamiquela durante la Fiesta Nacional del Trigo, realizada en Leones, C\u00f3rdoba. Espina sostuvo que los dirigentes \u00absiempre dicen que desde el Gobierno hay ataques, desplantes, maltrato, y lo que escuchamos cotidianamente es el maltrato de algunos dirigentes, porque en realidad son s\u00f3lo algunos, no todos\u00bb.<\/h4>\n<h4 align=\"justify\">Por su parte, el polit\u00f3logo Ernesto Laclau, considerado referente intelectual del kirchnerismo, expres\u00f3 desde Londres su apoyo a la recreaci\u00f3n de la Junta Nacional de Granos (JNG). \u00abPara asegurar esta etapa de la contienda de ideas, el Gobierno debe animarse a dar pasos audaces. Creo que la creaci\u00f3n de la JNG ser\u00eda una buena medida\u00bb.<\/h4>\n<p>Fuente:\u00a0<a title=\"La Naci\u00f3n\" href=\"http:\/\/www.lanacion.com\/\">La Naci\u00f3n<\/a><\/p>\n<\/div>\n","protected":false},"excerpt":{"rendered":"<p>Se demor\u00f3 el acuerdo por las trabas a la exportaci\u00f3n que sigui\u00f3 aplicando el Gobierno.<\/p>\n","protected":false},"author":5,"featured_media":0,"comment_status":"closed","ping_status":"closed","sticky":false,"template":"","format":"standard","meta":[],"categories":[42],"tags":[577,8,543,371],"_links":{"self":[{"href":"http:\/\/rurallascolonias.com.ar\/index.php?rest_route=\/wp\/v2\/posts\/1426"}],"collection":[{"href":"http:\/\/rurallascolonias.com.ar\/index.php?rest_route=\/wp\/v2\/posts"}],"about":[{"href":"http:\/\/rurallascolonias.com.ar\/index.php?rest_route=\/wp\/v2\/types\/post"}],"author":[{"embeddable":true,"href":"http:\/\/rurallascolonias.com.ar\/index.php?rest_route=\/wp\/v2\/users\/5"}],"replies":[{"embeddable":true,"href":"http:\/\/rurallascolonias.com.ar\/index.php?rest_route=%2Fwp%2Fv2%2Fcomments&post=1426"}],"version-history":[{"count":1,"href":"http:\/\/rurallascolonias.com.ar\/index.php?rest_route=\/wp\/v2\/posts\/1426\/revisions"}],"predecessor-version":[{"id":1428,"href":"http:\/\/rurallascolonias.com.ar\/index.php?rest_route=\/wp\/v2\/posts\/1426\/revisions\/1428"}],"wp:attachment":[{"href":"http:\/\/rurallascolonias.com.ar\/index.php?rest_route=%2Fwp%2Fv2%2Fmedia&parent=1426"}],"wp:term":[{"taxonomy":"category","embeddable":true,"href":"http:\/\/rurallascolonias.com.ar\/index.php?rest_route=%2Fwp%2Fv2%2Fcategories&post=1426"},{"taxonomy":"post_tag","embeddable":true,"href":"http:\/\/rurallascolonias.com.ar\/index.php?rest_route=%2Fwp%2Fv2%2Ftags&post=1426"}],"curies":[{"name":"wp","href":"https:\/\/api.w.org\/{rel}","templated":true}]}}