{"id":14178,"date":"2017-04-27T17:22:52","date_gmt":"2017-04-27T17:22:52","guid":{"rendered":"http:\/\/rurallascolonias.com.ar\/?p=14178"},"modified":"2017-04-27T17:22:52","modified_gmt":"2017-04-27T17:22:52","slug":"se-conformo-la-camara-argentina-de-productores-de-alfalfa","status":"publish","type":"post","link":"http:\/\/rurallascolonias.com.ar\/?p=14178","title":{"rendered":"Se conform\u00f3 la C\u00e1mara Argentina de productores de Alfalfa"},"content":{"rendered":"<p><em><strong><a href=\"http:\/\/rurallascolonias.com.ar\/?attachment_id=14179\" rel=\"attachment wp-att-14179\"><img loading=\"lazy\" class=\"aligncenter size-full wp-image-14179\" src=\"http:\/\/rurallascolonias.com.ar\/wp-content\/uploads\/2017\/04\/alfalfa.jpg\" alt=\"\" width=\"275\" height=\"183\" \/><\/a>Con el objetivo de seguir formalizando a todas las cadenas productivas y potenciar el desarrollo de las mismas se conform\u00f3 la C\u00e1mara de la alfalfa, un cultivo con excelente potencial para gran parte de nuestro pa\u00eds<\/strong><\/em><!--more--><\/p>\n<p>El Ministerio de Agroindustria de la Naci\u00f3n, que conduce Ricardo Buryaile, a trav\u00e9s de la Secretar\u00eda de Agricultura, Ganader\u00eda y Pesca y el subsecretario de Agricultura, Luis Urriza, particip\u00f3 del lanzamiento de la C\u00e1mara Argentina de Productores de Alfalfa, que se llev\u00f3 a cabo en la localidad de 25 de Mayo, en la provincia de La Pampa.<\/p>\n<p>All\u00ed mismo, se juntaron productores, industrializadores y comercializadores de pellets de alfalfa de las principales provincias productoras, como C\u00f3rdoba, Santa Fe, San Luis, Santiago del Estero, La Pampa, Buenos Aires, R\u00edo Negro y Chubut.<\/p>\n<p>En relaci\u00f3n al lanzamiento, Urriza se\u00f1al\u00f3 que \u00abdurante la jornada se trabaj\u00f3 coordinando acciones entre los privados y el Estado, contando con el apoyo t\u00e9cnico del INTA y del INTI, orientado a la promoci\u00f3n del cultivo, a t\u00e9cnicas agron\u00f3micas, el registro de semillas, riego y obtenci\u00f3n de nuevos mercados\u00bb.<\/p>\n<p>A modo de ejemplo, en La Pampa hay 6.000 hect\u00e1reas bajo producci\u00f3n de alfalfa y se prev\u00e9 pasar en tres a\u00f1os de 25 equipos de riego a 75, triplicando la superficie activa.<\/p>\n<p>En esta l\u00ednea, Urriza remarc\u00f3 que \u00abla alfalfa tiene un gran potencial para exportarse a todo el mundo, y para crecer en su producci\u00f3n y agregado de valor en el mercado interno. Adem\u00e1s aporta a la rotaci\u00f3n de cultivos, a las nuevas \u00e1reas de riego y a la ganader\u00eda de todo el pa\u00eds\u00bb.<\/p>\n<p>Argentina tiene toda la capacidad de ser un pa\u00eds exportador de forraje de alfalfa (heno, pellets, cubos, balanceados con base en alfalfa), es por ello que ser\u00e1 sede del \u00abII Congreso Mundial de la Alfalfa\u00bb, a realizarse en C\u00f3rdoba en el 2018.<\/p>\n<p>Fuente: Agrositio<\/p>\n","protected":false},"excerpt":{"rendered":"<p>Con el objetivo de seguir formalizando a todas las cadenas productivas y potenciar el desarrollo de las mismas se conform\u00f3 la C\u00e1mara de la alfalfa, un cultivo con excelente potencial para gran parte de nuestro pa\u00eds<\/p>\n","protected":false},"author":5,"featured_media":0,"comment_status":"open","ping_status":"open","sticky":false,"template":"","format":"standard","meta":[],"categories":[18],"tags":[837,3700],"_links":{"self":[{"href":"http:\/\/rurallascolonias.com.ar\/index.php?rest_route=\/wp\/v2\/posts\/14178"}],"collection":[{"href":"http:\/\/rurallascolonias.com.ar\/index.php?rest_route=\/wp\/v2\/posts"}],"about":[{"href":"http:\/\/rurallascolonias.com.ar\/index.php?rest_route=\/wp\/v2\/types\/post"}],"author":[{"embeddable":true,"href":"http:\/\/rurallascolonias.com.ar\/index.php?rest_route=\/wp\/v2\/users\/5"}],"replies":[{"embeddable":true,"href":"http:\/\/rurallascolonias.com.ar\/index.php?rest_route=%2Fwp%2Fv2%2Fcomments&post=14178"}],"version-history":[{"count":1,"href":"http:\/\/rurallascolonias.com.ar\/index.php?rest_route=\/wp\/v2\/posts\/14178\/revisions"}],"predecessor-version":[{"id":14180,"href":"http:\/\/rurallascolonias.com.ar\/index.php?rest_route=\/wp\/v2\/posts\/14178\/revisions\/14180"}],"wp:attachment":[{"href":"http:\/\/rurallascolonias.com.ar\/index.php?rest_route=%2Fwp%2Fv2%2Fmedia&parent=14178"}],"wp:term":[{"taxonomy":"category","embeddable":true,"href":"http:\/\/rurallascolonias.com.ar\/index.php?rest_route=%2Fwp%2Fv2%2Fcategories&post=14178"},{"taxonomy":"post_tag","embeddable":true,"href":"http:\/\/rurallascolonias.com.ar\/index.php?rest_route=%2Fwp%2Fv2%2Ftags&post=14178"}],"curies":[{"name":"wp","href":"https:\/\/api.w.org\/{rel}","templated":true}]}}