{"id":14175,"date":"2017-04-27T10:06:30","date_gmt":"2017-04-27T10:06:30","guid":{"rendered":"http:\/\/rurallascolonias.com.ar\/?p=14175"},"modified":"2017-04-27T17:13:22","modified_gmt":"2017-04-27T17:13:22","slug":"se-constituyo-el-consejo-hidrico-y-productivo-santafesino","status":"publish","type":"post","link":"http:\/\/rurallascolonias.com.ar\/?p=14175","title":{"rendered":"Se constituy\u00f3 el Consejo H\u00eddrico y Productivo Santafesino"},"content":{"rendered":"<p><strong><em><a href=\"http:\/\/rurallascolonias.com.ar\/?attachment_id=14176\" rel=\"attachment wp-att-14176\"><img loading=\"lazy\" class=\"aligncenter size-full wp-image-14176\" src=\"http:\/\/rurallascolonias.com.ar\/wp-content\/uploads\/2017\/04\/consejo-econ\u00f3mico.jpg\" alt=\"\" width=\"300\" height=\"168\" \/><\/a>\u201cCreemos que es un buen momento para hacer un balance, repasar la situaci\u00f3n y mirar en perspectiva hacia adelante\u201d, dijo el gobernador<\/em><\/strong><!--more--><\/p>\n<p>El gobernador de Santa Fe, Miguel Lifschitz, presidi\u00f3 este martes la constituci\u00f3n del Consejo H\u00eddrico y Productivo Santafesino, \u00f3rgano asesor y de consulta no vinculante, para el desarrollo de pol\u00edticas p\u00fablicas referidas particularmente a la din\u00e1mica h\u00eddrica en relaci\u00f3n con sistemas productivos sustentables.<\/p>\n<p>El consejo constituir\u00e1 un v\u00ednculo institucional entre los productores, sus organizaciones gremiales, el aparato cient\u00edfico tecnol\u00f3gico y las fuerzas sociales del sector rural con el Gobierno de la provincia de Santa Fe.<\/p>\n<p>\u201cEsta mesa, que se encuentra bajo la coordinaci\u00f3n de los ministros de Infraestructura, de la Producci\u00f3n y de Medio Ambiente, es una de las propuestas que hab\u00edamos realizado en el mes de febrero cuando presentamos una agenda h\u00eddrica que ten\u00eda 19 puntos de corto plazo y algunas otras medidas de mediano plazo\u201d, se\u00f1al\u00f3 Lifschitz.<\/p>\n<p>\u201cNos pareci\u00f3 oportuno hacer esta primera convocatoria \u2013continu\u00f3\u2013, dejar constituido este espacio de consulta y de trabajo, y realizar de manera conjunta un repaso de esa agenda que hab\u00edamos planteado e incorporar otras acciones que podamos conversar\u201d.<\/p>\n<p>&nbsp;<\/p>\n<p>\u201cLa conformaci\u00f3n de este espacio es muy numerosa, porque nos parec\u00eda importante tener una representaci\u00f3n amplia de instituciones de car\u00e1cter productivo, t\u00e9cnico, acad\u00e9mico y de profesionales; m\u00e1s all\u00e1 de conformar luego comisiones de trabajo m\u00e1s peque\u00f1as\u201d.<\/p>\n<p>&nbsp;<\/p>\n<p><strong>Repaso de los 19 puntos<\/strong><br \/>\nLifschitz repas\u00f3 los avances de la agenda de medidas para atender la emergencia h\u00eddrica comprometida a principios de a\u00f1o, y record\u00f3 que el primer punto de esa agenda consist\u00eda en convocar al Consejo Econ\u00f3mico y Social.<\/p>\n<p>&nbsp;<\/p>\n<p>\u201cSe convoc\u00f3 a una jornada de trabajo sobre el cambio clim\u00e1tico y el impacto productivo, con la idea de avanzar sobre recomendaciones que nos pudieran servir para el abordaje de los problemas h\u00eddricos de la provincia, de donde se extrajo como conclusi\u00f3n un borrador del nuevo decreto reglamentario de la ley de Suelos\u201d, precis\u00f3.<\/p>\n<p>&nbsp;<\/p>\n<p>El gobernador tambi\u00e9n destac\u00f3 la conformaci\u00f3n de una Comisi\u00f3n de Expertos sobre Asuntos H\u00eddricos, Ambientales y Climatol\u00f3gicos; compuesta por especialistas y representantes de las universidades, que ya se ha reunido en dos oportunidades y que es coordinada por el ministro de Ciencia, Tecnolog\u00eda e Innovaci\u00f3n Productiva, Eduardo Matozo.<\/p>\n<p>&nbsp;<\/p>\n<p>Luego, Lifschitz se refiri\u00f3 a los resultados de las reuniones bilaterales realizadas con los gobernadores de C\u00f3rdoba, Chaco y Santiago del Estero. \u201cCon C\u00f3rdoba se han constituido los comit\u00e9 de La Picasa, del Carcara\u00f1\u00e1 y se firm\u00f3 el acuerdo para conformar el comit\u00e9 del Vila-Culul\u00fa. Con el Chaco estamos avanzando en varios proyectos de estudios y an\u00e1lisis de la regi\u00f3n de los Bajos Submeridionales, que ya tienen financiamiento del Consejo Federal de Inversiones (CFI); y hemos tenido reuniones con funcionarios de Santiago del Estero por la cuenca que impacta fundamentalmente en el departamento 9 de Julio\u201d.<\/p>\n<p>&nbsp;<\/p>\n<p>Sobre el plan de Obras de Infraestructura Hidr\u00e1ulica para elevar al gobierno nacional, el gobernador manifest\u00f3 que \u201cse identificaron ocho proyectos de los cuales tres ya est\u00e1n presentados y, al mismo tiempo, se han presentado en el \u00e1mbito de Defensa Civil nacional once de menor envergadura y de m\u00e1s r\u00e1pida realizaci\u00f3n. Tambi\u00e9n se identificaron dos proyectos \u2013una obra en la cascada del arroyo Saladillo en Rosario, y una nueva represa del arroyo Ludue\u00f1a en la regi\u00f3n de Rold\u00e1n y Zavalla\u2013 que pueden ser financiados por el Sistema Nacional de Gesti\u00f3n Integral de Riesgos\u201d.<\/p>\n<p>&nbsp;<\/p>\n<p>Lifschitz destac\u00f3 la firma de convenios con 12 comit\u00e9s de cuenca para la implementaci\u00f3n de un plan de reequipamiento, para el financiamiento \u201cdel 75% del monto estipulado para adquirir m\u00e1quinas retroexcavadoras\u201d; y la creaci\u00f3n del Fondo de Inversi\u00f3n y Desarrollo para la Asistencia Financiera al Sector Tambero, que \u201cya est\u00e1 entregando cr\u00e9ditos\u201d, y del total de fondos disponibles \u201cla provincia aporta 150 millones de pesos. Adem\u00e1s, estamos esperando el aporte de otros 250 millones de pesos que comprometi\u00f3 el gobierno nacional para asistir a 1300 establecimientos tamberos peque\u00f1os de los departamentos Castellanos, San Crist\u00f3bal, San Mart\u00edn y Las Colonias\u201d, a\u00f1adi\u00f3.<\/p>\n<p>&nbsp;<\/p>\n<p>Otro de los puntos abordados fue la creaci\u00f3n de \u201cuna l\u00ednea de financiamiento de emergencia para industrias y establecimientos agropecuarios afectados por las inundaciones, de 500 millones de pesos, con financiamiento subsidiado por el gobierno provincial y con seis meses de gracia\u201d.<\/p>\n<p>&nbsp;<\/p>\n<p>A continuaci\u00f3n, resalt\u00f3 que \u201cel proyecto de ley de aguas est\u00e1 terminado y esperamos que tenga un r\u00e1pido tratamiento en ambas c\u00e1maras, ya que ha habido una gran coincidencia en la necesidad de contar con esta ley para el abordaje de los problemas integrales de las distintas cuencas de la provincia\u201d.<\/p>\n<p>&nbsp;<\/p>\n<p>Adem\u00e1s, \u201chab\u00edamos asumido el compromiso de promover la forestaci\u00f3n y ya presentamos a la Legislatura el proyecto de ley del \u00c1rbol, que se trabaj\u00f3 de manera muy participativa con distintas instituciones. En el mismo sentido, se plante\u00f3 fomentar las actividades de conservaci\u00f3n y restauraci\u00f3n de los Bosques Nativos, en el marco de la ley provincial vigente\u201d.<\/p>\n<p>&nbsp;<\/p>\n<p>Asimismo, se puso en marcha \u201cel Consejo Regional de los Bajos Submeridionales, d\u00f3nde se est\u00e1 avanzando en un plan de acci\u00f3n para una propuesta estrat\u00e9gica de usos productivos, de manejo del suelo y de las cuencas que intervienen en la regi\u00f3n\u201d, agreg\u00f3.<\/p>\n<p>&nbsp;<\/p>\n<p>\u201cEn un trabajo conjunto con distintas universidad y el Instituto Nacional de Agua \u2013prosigui\u00f3\u2013, se avanz\u00f3 en la elaboraci\u00f3n de los planes directores de las macro cuencas, que nos permitan encuadrar las intervenciones y proyectos puntuales en los territorios; y pusimos en marcha un programa de obras de corto plazo en las cuencas de la provincia\u201d.<\/p>\n<p>&nbsp;<\/p>\n<p>\u201cEstamos trabajando con las comunas, y tambi\u00e9n de manera directa, en la reparaci\u00f3n de los caminos comunales de tierra que han sido deteriorados por las inundaciones; y hemos brindado asistencia financiera a municipios y comunas para atender la emergencia\u201d.<\/p>\n<p>&nbsp;<\/p>\n<p>Por \u00faltimo, el gobernador repas\u00f3 \u201clas medidas de mediano plazo: estamos trabajando en la revisi\u00f3n de la ley provincial de comit\u00e9s de Cuencas, para adaptarla a la futura ley de Aguas; en la unificaci\u00f3n de las tareas de mantenimiento hidr\u00e1ulico y caminos rurales, tratando de organizar el trabajo en el marco de las cuencas; y la promoci\u00f3n de una ley de Arrendamiento Rural para fomentar la conservaci\u00f3n del suelo, y una propuesta de seguro multiriesgo\u201d.<\/p>\n<p>&nbsp;<\/p>\n<p>\u201cEsto es el avance de los objetivos de corto plazo, en l\u00edneas muy resumidas, y creemos que es un buen momento para hacer un balance, repasar la situaci\u00f3n y mirar una perspectiva hacia adelante\u201d, concluy\u00f3 Lifschitz.<\/p>\n<p>&nbsp;<\/p>\n<p><strong>Poner en agenda la problem\u00e1tica h\u00eddrica<\/strong><\/p>\n<p>&nbsp;<\/p>\n<p>El ministro de Infraestructura y Transporte, Jos\u00e9 Garibay, dijo que la provincia de Santa Fe ha empezado este a\u00f1o a atravesar una crisis h\u00eddrica que nos obliga a poner en agenda este tema y a trabajar desde m\u00faltiples perspectivas desde lo productivo, desde la planificaci\u00f3n y fundamentalmente, desde las obras\u201d.<\/p>\n<p>&nbsp;<\/p>\n<p>Por su parte, el ministro de la Producci\u00f3n, Luis Contigiani, sostuvo que, desde su \u00e1rea, la idea es \u201caportar los modelos de uso productivo de suelo, porque tenemos que alimentar y generar las condiciones para ir hacia un modelo de uso productivo m\u00e1s integrado, diversificado y adaptado a los nuevos desaf\u00edos clim\u00e1ticos y productivos de estos tiempos\u201d.<\/p>\n<p>&nbsp;<\/p>\n<p>Adem\u00e1s, agreg\u00f3 que en la oportunidad \u201cvamos a hablar de los avances de un nuevo decreto reglamentario de la Ley de Suelo que ya tiene la provincia de Santa Fe. La idea es seguir aportando herramientas para contribuir a un balance m\u00e1s equilibrado en el manejo agron\u00f3mico, porque estamos convencidos de que es una variable muy importante, junto con las obras h\u00eddricas\u201d, concluy\u00f3.<\/p>\n<p>&nbsp;<\/p>\n<p>Por su parte, el secretario de Recursos H\u00eddricos, Juan Carlos Bertoni, expres\u00f3 que \u201cla gesti\u00f3n se debe realizar con el apoyo de todo un estamento de gente experta de distintos or\u00edgenes y conocimientos que aporten en lo ambiental, lo h\u00eddrico y lo productivo dado el rol que las actividades tienen sobre las consecuencias del comportamiento de las cuencas\u201d.<\/p>\n<p>&nbsp;<\/p>\n<p><strong>Consejo h\u00eddrico y productivo santafesino<\/strong><\/p>\n<p>&nbsp;<\/p>\n<p>Tambi\u00e9n estuvo presente en este primer encuentro el ministro de Medio Ambiente, Jacinto Speranza.<\/p>\n<p>&nbsp;<\/p>\n<p>El Consejo est\u00e1 conformado por representantes del Instituto Nacional del Agua; de los comit\u00e9 de las cuencas La Picasa, Superior Carrizales, Zona Oeste, Las Turbias, Totoras, Castellanos Norte, Castellanos Sur y Tostado; de las facultades de Ingenier\u00eda y Ciencias H\u00eddricas, de Ciencias Agrarias y Veterinaria de las universidades Nacional del Litoral y de Rosario; y del Instituto Nacional de Tecnolog\u00eda Agropecuaria, Centro Regional Santa Fe.<\/p>\n<p>&nbsp;<\/p>\n<p>Adem\u00e1s, lo integran Federaci\u00f3n Agraria Argentina; Confederaci\u00f3n de Asociaciones Rurales de la Provincia de Santa Fe; Sociedad Rural Argentina; Mesa de Productores de leche de Santa Fe; Asociaci\u00f3n de Productores Lecheros de Argentina; Agricultores Federados Argentinos; Confederaci\u00f3n Intercooperativa Agropecuaria Cooperativa Limitada; las asociaciones de Cooperativas Argentinas, de Consorcios Regionales de experimentaci\u00f3n Agr\u00edcola y Argentina de Siembra Directa; los colegios de Ingenieros Agr\u00f3nomos de la provincia y de M\u00e9dicos Veterinarios; Servicio Nacional de Sanidad y Calidad Agroalimentaria, Centro Regional Santa Fe; y del Instituto Nacional de Semilla, oficina Regional Pampeana Norte.<\/p>\n","protected":false},"excerpt":{"rendered":"<p>\u201cCreemos que es un buen momento para hacer un balance, repasar la situaci\u00f3n y mirar en perspectiva hacia adelante\u201d, dijo el gobernador<\/p>\n","protected":false},"author":5,"featured_media":0,"comment_status":"open","ping_status":"open","sticky":false,"template":"","format":"standard","meta":[],"categories":[33,1393],"tags":[3699],"_links":{"self":[{"href":"http:\/\/rurallascolonias.com.ar\/index.php?rest_route=\/wp\/v2\/posts\/14175"}],"collection":[{"href":"http:\/\/rurallascolonias.com.ar\/index.php?rest_route=\/wp\/v2\/posts"}],"about":[{"href":"http:\/\/rurallascolonias.com.ar\/index.php?rest_route=\/wp\/v2\/types\/post"}],"author":[{"embeddable":true,"href":"http:\/\/rurallascolonias.com.ar\/index.php?rest_route=\/wp\/v2\/users\/5"}],"replies":[{"embeddable":true,"href":"http:\/\/rurallascolonias.com.ar\/index.php?rest_route=%2Fwp%2Fv2%2Fcomments&post=14175"}],"version-history":[{"count":1,"href":"http:\/\/rurallascolonias.com.ar\/index.php?rest_route=\/wp\/v2\/posts\/14175\/revisions"}],"predecessor-version":[{"id":14177,"href":"http:\/\/rurallascolonias.com.ar\/index.php?rest_route=\/wp\/v2\/posts\/14175\/revisions\/14177"}],"wp:attachment":[{"href":"http:\/\/rurallascolonias.com.ar\/index.php?rest_route=%2Fwp%2Fv2%2Fmedia&parent=14175"}],"wp:term":[{"taxonomy":"category","embeddable":true,"href":"http:\/\/rurallascolonias.com.ar\/index.php?rest_route=%2Fwp%2Fv2%2Fcategories&post=14175"},{"taxonomy":"post_tag","embeddable":true,"href":"http:\/\/rurallascolonias.com.ar\/index.php?rest_route=%2Fwp%2Fv2%2Ftags&post=14175"}],"curies":[{"name":"wp","href":"https:\/\/api.w.org\/{rel}","templated":true}]}}