{"id":14172,"date":"2017-04-27T10:36:00","date_gmt":"2017-04-27T10:36:00","guid":{"rendered":"http:\/\/rurallascolonias.com.ar\/?p=14172"},"modified":"2017-04-27T16:44:22","modified_gmt":"2017-04-27T16:44:22","slug":"fernando-cordoba-es-el-nuevo-presidente-de-meprolsafe","status":"publish","type":"post","link":"http:\/\/rurallascolonias.com.ar\/?p=14172","title":{"rendered":"Fernando C\u00f3rdoba es el nuevo presidente de Meprolsafe"},"content":{"rendered":"<p><strong><em><a href=\"http:\/\/rurallascolonias.com.ar\/?attachment_id=14173\" rel=\"attachment wp-att-14173\"><img loading=\"lazy\" class=\"alignleft size-full wp-image-14173\" src=\"http:\/\/rurallascolonias.com.ar\/wp-content\/uploads\/2017\/04\/Fernando-Cordoba-es-el-nuevo-presidente-de-Meprolsafe-300x300.jpg\" alt=\"\" width=\"300\" height=\"300\" srcset=\"http:\/\/rurallascolonias.com.ar\/wp-content\/uploads\/2017\/04\/Fernando-Cordoba-es-el-nuevo-presidente-de-Meprolsafe-300x300.jpg 300w, http:\/\/rurallascolonias.com.ar\/wp-content\/uploads\/2017\/04\/Fernando-Cordoba-es-el-nuevo-presidente-de-Meprolsafe-300x300-150x150.jpg 150w\" sizes=\"(max-width: 300px) 100vw, 300px\" \/><\/a>Ven\u00eda cumpliendo su rol como secretario de la entidad hac\u00eda dos per\u00edodos<\/em><\/strong><!--more--><\/p>\n<p>Este mi\u00e9rcoles por la tarde, en la sede de la Mesa de Productores de Leche de Santa Fe, en la ciudad de Rafaela, se llev\u00f3 a cabo la asamblea en la que se designaron nuevas autoridades para la entidad tambera.<\/p>\n<p>Habiendo sido secretario por dos per\u00edodos, C\u00f3rdoba es a partir de ahora el titular de la instituci\u00f3n, una de las que m\u00e1s ha reclamado en los \u00faltimos a\u00f1os por las necesidades de los productores, ante la inequidad de las pol\u00edticas y la multiplicidad de impactos de la naturaleza en la principal cuenca lechera nacional.<\/p>\n<p>Fernando C\u00f3rdoba, tiene un tambo en Estaci\u00f3n Clucellas y participa de la actividad gremial activamente desde hace muchos a\u00f1os, con un compromiso creciente.<\/p>\n<p>Al asumir por dos a\u00f1os remarc\u00f3, \u201cdebemos seguir apostando al tambo para tener continuidad en la actividad\u201d. Claro que con un trabajo como el que se viene desarrollando con apertura al di\u00e1logo, propuestas, asistencia a reuniones con todos los gobiernos y convencidos de seguir pidiendo por un ordenamiento legal de la lecher\u00eda.<\/p>\n<p>Meprolsafe registra recientemente bajas y altas entre sus socios. Algunos productores ya dejaron la actividad y se fueron de la entidad, pero hay otros que en los \u00faltimos meses \u201centendieron cu\u00e1l es la funci\u00f3n de la Mesa de defender nuestros derechos y necesidades\u201d.<\/p>\n<p>La actividad hoy por hoy atraviesa momentos complejos y son muchos los a\u00f1os de p\u00e9rdidas y desatenci\u00f3n.<\/p>\n<p>\u201cVi\u00e9ndolo como productor, hoy la situaci\u00f3n es muy dif\u00edcil. No tengo pasturas, perd\u00ed todo el a\u00f1o pasado con las condiciones clim\u00e1ticas de abril, luego la piedra de noviembre. Luego la tormenta del primero de enero que me dej\u00f3 15 d\u00edas sin luz\u201d. Como responsable de su empresa tambera explica, \u201cestamos endeudados y esperamos levantar la soja para poder cubrir las obligaciones y seguir apostando al tambo\u201d. Aqu\u00ed est\u00e1 la clave, \u201ces una actividad que no se puede dejar, porque una vez que se cierra, no se vuelve a abrir. A pesar de dar muchas tristezas, tambi\u00e9n da alegr\u00edas porque permite ver los resultados en los animales cuando crecen, cuando las vacas quedan pre\u00f1adas y ver como esos terneros nacen. Es algo que se lleva en la sangre\u201d.<\/p>\n<p>El es tambero por opci\u00f3n. \u201cYo no nac\u00ed con esta actividad, pero la descubr\u00ed con el tiempo y me gusta. Hace ocho a\u00f1os que tengo el tambo y sigo apostando a la actividad y a este intento constante de crecer en la producci\u00f3n, sabiendo que es una tarea que cumple una funci\u00f3n social, porque da trabajo a mucha gente, cosa que la agricultura no hace, porque se concentra en pocas personas y en poco tiempo en el a\u00f1o, pero el tambo es todo el a\u00f1o\u201d.<\/p>\n<p>La Comisi\u00f3n Directiva de Meprolsafe, por los pr\u00f3ximos dos a\u00f1os, qued\u00f3 conformada de la siguiente manera. Fernando C\u00f3rdoba, presidente; Guillermo Ceaglio, vicepresidente; Marcelo Aimaro, secretario; Patricio Mairani, pro-secretario; Gustavo Henzenn, tesorero; Carlos Bertone, pro-tesorero. Vocales titulares, Luis Zurvera, Oscar Poi, Omar Manoni, Gustavo Narbona, Mar\u00eda Beatr\u00edz Canna. Vocales suplentes, Roberto Perracino, Omar Allochis. S\u00edndico titular, Jorge Delprato; y Ricardo Garnero, s\u00edndico suplente.<\/p>\n<p>Elida Thiery<\/p>\n","protected":false},"excerpt":{"rendered":"<p>Ven\u00eda cumpliendo su rol como secretario de la entidad hac\u00eda dos per\u00edodos<\/p>\n","protected":false},"author":5,"featured_media":0,"comment_status":"open","ping_status":"open","sticky":false,"template":"","format":"standard","meta":[],"categories":[14],"tags":[89,3698,519,3248,3612],"_links":{"self":[{"href":"http:\/\/rurallascolonias.com.ar\/index.php?rest_route=\/wp\/v2\/posts\/14172"}],"collection":[{"href":"http:\/\/rurallascolonias.com.ar\/index.php?rest_route=\/wp\/v2\/posts"}],"about":[{"href":"http:\/\/rurallascolonias.com.ar\/index.php?rest_route=\/wp\/v2\/types\/post"}],"author":[{"embeddable":true,"href":"http:\/\/rurallascolonias.com.ar\/index.php?rest_route=\/wp\/v2\/users\/5"}],"replies":[{"embeddable":true,"href":"http:\/\/rurallascolonias.com.ar\/index.php?rest_route=%2Fwp%2Fv2%2Fcomments&post=14172"}],"version-history":[{"count":1,"href":"http:\/\/rurallascolonias.com.ar\/index.php?rest_route=\/wp\/v2\/posts\/14172\/revisions"}],"predecessor-version":[{"id":14174,"href":"http:\/\/rurallascolonias.com.ar\/index.php?rest_route=\/wp\/v2\/posts\/14172\/revisions\/14174"}],"wp:attachment":[{"href":"http:\/\/rurallascolonias.com.ar\/index.php?rest_route=%2Fwp%2Fv2%2Fmedia&parent=14172"}],"wp:term":[{"taxonomy":"category","embeddable":true,"href":"http:\/\/rurallascolonias.com.ar\/index.php?rest_route=%2Fwp%2Fv2%2Fcategories&post=14172"},{"taxonomy":"post_tag","embeddable":true,"href":"http:\/\/rurallascolonias.com.ar\/index.php?rest_route=%2Fwp%2Fv2%2Ftags&post=14172"}],"curies":[{"name":"wp","href":"https:\/\/api.w.org\/{rel}","templated":true}]}}