{"id":14105,"date":"2017-04-20T10:37:26","date_gmt":"2017-04-20T10:37:26","guid":{"rendered":"http:\/\/rurallascolonias.com.ar\/?p=14105"},"modified":"2017-04-20T10:37:26","modified_gmt":"2017-04-20T10:37:26","slug":"informacion-de-ultimo-momento","status":"publish","type":"post","link":"http:\/\/rurallascolonias.com.ar\/?p=14105","title":{"rendered":"INFORMACI\u00d3N DE \u00daLTIMO MOMENTO"},"content":{"rendered":"<p><strong><em><a href=\"http:\/\/rurallascolonias.com.ar\/?attachment_id=14106\" rel=\"attachment wp-att-14106\"><img loading=\"lazy\" class=\"aligncenter wp-image-14106 size-medium\" src=\"http:\/\/rurallascolonias.com.ar\/wp-content\/uploads\/2017\/04\/IMG-20170419-WA0080-212x300.jpg\" alt=\"\" width=\"212\" height=\"300\" srcset=\"http:\/\/rurallascolonias.com.ar\/wp-content\/uploads\/2017\/04\/IMG-20170419-WA0080-212x300.jpg 212w, http:\/\/rurallascolonias.com.ar\/wp-content\/uploads\/2017\/04\/IMG-20170419-WA0080-768x1087.jpg 768w, http:\/\/rurallascolonias.com.ar\/wp-content\/uploads\/2017\/04\/IMG-20170419-WA0080-724x1024.jpg 724w, http:\/\/rurallascolonias.com.ar\/wp-content\/uploads\/2017\/04\/IMG-20170419-WA0080-600x849.jpg 600w, http:\/\/rurallascolonias.com.ar\/wp-content\/uploads\/2017\/04\/IMG-20170419-WA0080-624x883.jpg 624w, http:\/\/rurallascolonias.com.ar\/wp-content\/uploads\/2017\/04\/IMG-20170419-WA0080.jpg 793w\" sizes=\"(max-width: 212px) 100vw, 212px\" \/><\/a>La Sociedad Rural de Las Colonias informa que VIDRIERA GEN\u00c9TICA se reprogram\u00f3 para este S\u00c1BADO 22 de abril por cuestiones clim\u00e1ticas a fin de que podamos disfrutar de la Jornada.Los animales ingresar\u00e1n al predio a partir del viernes 21 (por turnos para peladores contactare con la Rural).<\/em><\/strong><br \/>\n<strong><em>El s\u00e1bado al mediod\u00eda se realizar\u00e1 el almuerzo con la entrega de premios por Control Lechero y nuestro tradicional remate. <\/em><\/strong><br \/>\n<strong><em>El d\u00eda 22 la Jornada de Vidriera Gen\u00e9tica comi<span class=\"text_exposed_show\">enza a las 11 hs. con una mesa de debate \u00abEducaci\u00f3n en la Producci\u00f3n Lechera en la regi\u00f3n\u00bb a cargo del Decano FCA-UNL Dr. Norberto Gariglio; M\u00e9d. Vet. Oscar Garnero (Profesional Universitario Y Actividad Privada) y Dr. Hugo Bidart (Director Escuela Agrot\u00e9cnica de Santo Domingo).<br \/>\nLos esperamos desde las 11 hs para disfrutar de una nueva edici\u00f3n (la 11\u00ba) de Vidriera Gen\u00e9tica<\/span><\/em><\/strong><\/p>\n","protected":false},"excerpt":{"rendered":"<p>La Sociedad Rural de Las Colonias informa que VIDRIERA GEN\u00c9TICA se reprogram\u00f3 para este S\u00c1BADO 22 de abril por cuestiones clim\u00e1ticas a fin de que podamos disfrutar de la Jornada.Los animales ingresar\u00e1n al predio a partir del viernes 21 (por turnos para peladores contactare con la Rural). El s\u00e1bado al mediod\u00eda se realizar\u00e1 el almuerzo [&hellip;]<\/p>\n","protected":false},"author":5,"featured_media":0,"comment_status":"open","ping_status":"open","sticky":false,"template":"","format":"standard","meta":[],"categories":[1],"tags":[],"_links":{"self":[{"href":"http:\/\/rurallascolonias.com.ar\/index.php?rest_route=\/wp\/v2\/posts\/14105"}],"collection":[{"href":"http:\/\/rurallascolonias.com.ar\/index.php?rest_route=\/wp\/v2\/posts"}],"about":[{"href":"http:\/\/rurallascolonias.com.ar\/index.php?rest_route=\/wp\/v2\/types\/post"}],"author":[{"embeddable":true,"href":"http:\/\/rurallascolonias.com.ar\/index.php?rest_route=\/wp\/v2\/users\/5"}],"replies":[{"embeddable":true,"href":"http:\/\/rurallascolonias.com.ar\/index.php?rest_route=%2Fwp%2Fv2%2Fcomments&post=14105"}],"version-history":[{"count":1,"href":"http:\/\/rurallascolonias.com.ar\/index.php?rest_route=\/wp\/v2\/posts\/14105\/revisions"}],"predecessor-version":[{"id":14107,"href":"http:\/\/rurallascolonias.com.ar\/index.php?rest_route=\/wp\/v2\/posts\/14105\/revisions\/14107"}],"wp:attachment":[{"href":"http:\/\/rurallascolonias.com.ar\/index.php?rest_route=%2Fwp%2Fv2%2Fmedia&parent=14105"}],"wp:term":[{"taxonomy":"category","embeddable":true,"href":"http:\/\/rurallascolonias.com.ar\/index.php?rest_route=%2Fwp%2Fv2%2Fcategories&post=14105"},{"taxonomy":"post_tag","embeddable":true,"href":"http:\/\/rurallascolonias.com.ar\/index.php?rest_route=%2Fwp%2Fv2%2Ftags&post=14105"}],"curies":[{"name":"wp","href":"https:\/\/api.w.org\/{rel}","templated":true}]}}