{"id":14092,"date":"2017-04-19T03:10:26","date_gmt":"2017-04-19T03:10:26","guid":{"rendered":"http:\/\/rurallascolonias.com.ar\/?p=14092"},"modified":"2017-04-19T03:10:26","modified_gmt":"2017-04-19T03:10:26","slug":"vidriera-genetica-sera-una-edicion-mas-pero-mas-grande-e-importante","status":"publish","type":"post","link":"http:\/\/rurallascolonias.com.ar\/?p=14092","title":{"rendered":"VIDRIERA GEN\u00c9TICA: \u00abSER\u00c1 UNA EDICI\u00d3N M\u00c1S PERO M\u00c1S GRANDE E IMPORTANTE\u00bb"},"content":{"rendered":"<p><em><strong><a href=\"http:\/\/rurallascolonias.com.ar\/?attachment_id=14094\" rel=\"attachment wp-att-14094\"><img loading=\"lazy\" class=\"aligncenter wp-image-14094 size-medium\" src=\"http:\/\/rurallascolonias.com.ar\/wp-content\/uploads\/2017\/04\/20170418_084201-300x180.jpg\" alt=\"\" width=\"300\" height=\"180\" srcset=\"http:\/\/rurallascolonias.com.ar\/wp-content\/uploads\/2017\/04\/20170418_084201-300x180.jpg 300w, http:\/\/rurallascolonias.com.ar\/wp-content\/uploads\/2017\/04\/20170418_084201-768x461.jpg 768w, http:\/\/rurallascolonias.com.ar\/wp-content\/uploads\/2017\/04\/20170418_084201-1024x614.jpg 1024w, http:\/\/rurallascolonias.com.ar\/wp-content\/uploads\/2017\/04\/20170418_084201-600x360.jpg 600w, http:\/\/rurallascolonias.com.ar\/wp-content\/uploads\/2017\/04\/20170418_084201-624x374.jpg 624w\" sizes=\"(max-width: 300px) 100vw, 300px\" \/><\/a>As\u00ed describi\u00f3 Danilo Steffen a la pr\u00f3xima edici\u00f3n, la n\u00famero 11, de Vidriera Gen\u00e9tica Lechera. A horas de comenzar el evento, miembros de la Comisi\u00f3n Directiva de la entidad rural de Las Colonias, convocaron \u00a0a los medios para dar detalles de c\u00f3mo se preparan para el viernes<\/strong><\/em><!--more--><\/p>\n<p>En el inicio el Presidente de la Sociedad Rural, Marcelo D\u00e1ndolo, agradeci\u00f3 la presencia de los medios e hizo referencia a la Jornada que se llevar\u00e1 a cabo el pr\u00f3ximo 21 de abril. Tambi\u00e9n, y en el marco final de la Vidriera, el 12 de mayo el Dr. Alejandro Castillo se presentar\u00e1 en la ciudad para hablar de \u00absistemas lecheros\u00bb.<\/p>\n<p>Seguidamente, Danilo Steffen describi\u00f3 a la Vidriera Gen\u00e9tica como un evento altamente positivo ya que habr\u00e1 mucha gente que va a vender pero tambi\u00e9n quienes comprar\u00e1n. \u00abEstimamos unas 400 cabezas lo que hay que destacar es que cada a\u00f1o, la Vidriera es m\u00e1s importante porque los productores se van dando cuenta de la necesidad de acercar, aunque tan s\u00f3lo sea con una yunta de vaquillonas a lo que entendemos es uno de los mejores remates existentes de vientres\u00bb. Y agreg\u00f3: \u00abvenimos muy animados porque sabemos que la oferta est\u00e1\u00bb.<\/p>\n<p>En cuanto a la preparaci\u00f3n de los animales, Jos\u00e9 Luis Perren explic\u00f3 que \u00abteniendo en cuenta los problemas clim\u00e1ticos que han afectado mucho el estado de la hacienda, estamos todos comprometidos con este evento porque se va a seguir manifestando el buen nivel y se ir\u00e1 mejorando d\u00eda a d\u00eda, a\u00f1o a a\u00f1o\u00bb.<\/p>\n<p>Cabe recordar que el primer remate de Vidriera Gen\u00e9tica fue en el a\u00f1o 2006 con el objetivo de evaluar, hacer conocer y destacar el incipiente nivel que hab\u00eda entonces en cuanto a gen\u00e9tica. Con los a\u00f1os fue mejorando y actualmente es el remate de vaquillonas holando un referente en la zona en cuanto a calidad y precios. Por lo tanto, para la Sociedad Rural de Las Colonias y Control Lechero (Alecol) se trata de la fuente \u00a0para evaluar realmente lo que el productor puede demostrar y ofrecer, lo que no es menor ya que es una zona lechera de suma importancia.<\/p>\n<p><strong>Acerca de las Jornadas Agrot\u00e9cnicas<\/strong><\/p>\n<p>El a\u00f1o pasado se inaugur\u00f3 un modo de trabajo que consiste en convocar a las escuelas agrot\u00e9cnicas para que entiendan \u00a0la importancia de asistir a este tipo de eventos. Estas nacen para ser f\u00e1brica de productores, por lo tanto \u00abse va a trabajar sobre el tema de recursos humanos para el tambo porque el ah\u00ednco que hay que poner para mejorar la vaca hay que ponerlo fuertemente en la gente que las va a trabajar\u00bb, explic\u00f3 Pedro Weidmann y agreg\u00f3 \u00abse convocan as\u00ed alrededor de 80 estudiantes de las cuatro agrot\u00e9cnicas de la regi\u00f3n: Emilia, Santo Domingo, Cant\u00f3n de Z\u00e1rate y Escuela Granja de Esperanza con sus respectivos profesores para explicarles c\u00f3mo se clasifica una vaca; los tipos que hay y el ambiente en el que toca trabajar el cual es cada vez m\u00e1s exigente. Luego estar\u00e1 el concurso de juramento de vacas y finalmente se cierra con \u00a0una charla sobre educaci\u00f3n en la producci\u00f3n lechera en la regi\u00f3n con representantes y alumnos de los diferentes establecimientos, incluidos los de la Facultad de Agrarias\u00bb.<\/p>\n<p><a href=\"http:\/\/rurallascolonias.com.ar\/?attachment_id=14095\" rel=\"attachment wp-att-14095\"><img loading=\"lazy\" class=\"aligncenter wp-image-14095 size-medium\" src=\"http:\/\/rurallascolonias.com.ar\/wp-content\/uploads\/2017\/04\/20170418_084124-300x180.jpg\" alt=\"\" width=\"300\" height=\"180\" srcset=\"http:\/\/rurallascolonias.com.ar\/wp-content\/uploads\/2017\/04\/20170418_084124-300x180.jpg 300w, http:\/\/rurallascolonias.com.ar\/wp-content\/uploads\/2017\/04\/20170418_084124-768x461.jpg 768w, http:\/\/rurallascolonias.com.ar\/wp-content\/uploads\/2017\/04\/20170418_084124-1024x614.jpg 1024w, http:\/\/rurallascolonias.com.ar\/wp-content\/uploads\/2017\/04\/20170418_084124-600x360.jpg 600w, http:\/\/rurallascolonias.com.ar\/wp-content\/uploads\/2017\/04\/20170418_084124-624x374.jpg 624w\" sizes=\"(max-width: 300px) 100vw, 300px\" \/><\/a>Por \u00faltimo, Hern\u00e1n Presser se refiri\u00f3 a la Vidriera como \u00abuna fiesta de la lecher\u00eda en la zona y todas las inclemencias y los tropiezos que tiene \u00e9sta en nuestro pa\u00eds, entiendo que la \u00fanica manera de remontar las banderas es participando y haciendo de estos remates algo importante y que la gente vea y el productor participe porque eso es lo lindo de la lecher\u00eda\u00bb.<\/p>\n<p>El nivel de gen\u00e9tica es sumamente alto en nuestra zona. Hoy la Vidriera Gen\u00e9tica de Las Colonias ha pasado a ser uno de los remates m\u00e1s importantes de la provincia no s\u00f3lo por su calidad de hacienda, sino que tambi\u00e9n por la participaci\u00f3n que tiene, la convocatoria. Por lo tanto, el objetivo es tratar de que siga creciendo y cada vez sea m\u00e1s importante.<\/p>\n<p>Sociedad Rural de Las Colonias<\/p>\n<p>&nbsp;<\/p>\n<p>&nbsp;<\/p>\n","protected":false},"excerpt":{"rendered":"<p>As\u00ed describi\u00f3 Danilo Steffen a la pr\u00f3xima edici\u00f3n, la n\u00famero 11, de Vidriera Gen\u00e9tica Lechera. A horas de comenzar el evento, miembros de la Comisi\u00f3n Directiva de la entidad rural de Las Colonias, convocaron \u00a0a los medios para dar detalles de c\u00f3mo se preparan para el viernes<\/p>\n","protected":false},"author":5,"featured_media":0,"comment_status":"open","ping_status":"open","sticky":false,"template":"","format":"standard","meta":[],"categories":[2306],"tags":[2222,857],"_links":{"self":[{"href":"http:\/\/rurallascolonias.com.ar\/index.php?rest_route=\/wp\/v2\/posts\/14092"}],"collection":[{"href":"http:\/\/rurallascolonias.com.ar\/index.php?rest_route=\/wp\/v2\/posts"}],"about":[{"href":"http:\/\/rurallascolonias.com.ar\/index.php?rest_route=\/wp\/v2\/types\/post"}],"author":[{"embeddable":true,"href":"http:\/\/rurallascolonias.com.ar\/index.php?rest_route=\/wp\/v2\/users\/5"}],"replies":[{"embeddable":true,"href":"http:\/\/rurallascolonias.com.ar\/index.php?rest_route=%2Fwp%2Fv2%2Fcomments&post=14092"}],"version-history":[{"count":2,"href":"http:\/\/rurallascolonias.com.ar\/index.php?rest_route=\/wp\/v2\/posts\/14092\/revisions"}],"predecessor-version":[{"id":14096,"href":"http:\/\/rurallascolonias.com.ar\/index.php?rest_route=\/wp\/v2\/posts\/14092\/revisions\/14096"}],"wp:attachment":[{"href":"http:\/\/rurallascolonias.com.ar\/index.php?rest_route=%2Fwp%2Fv2%2Fmedia&parent=14092"}],"wp:term":[{"taxonomy":"category","embeddable":true,"href":"http:\/\/rurallascolonias.com.ar\/index.php?rest_route=%2Fwp%2Fv2%2Fcategories&post=14092"},{"taxonomy":"post_tag","embeddable":true,"href":"http:\/\/rurallascolonias.com.ar\/index.php?rest_route=%2Fwp%2Fv2%2Ftags&post=14092"}],"curies":[{"name":"wp","href":"https:\/\/api.w.org\/{rel}","templated":true}]}}