{"id":14086,"date":"2017-04-18T18:41:20","date_gmt":"2017-04-18T18:41:20","guid":{"rendered":"http:\/\/rurallascolonias.com.ar\/?p=14086"},"modified":"2017-04-18T18:41:20","modified_gmt":"2017-04-18T18:41:20","slug":"manana-se-lanza-el-programa-apicola-provincial","status":"publish","type":"post","link":"http:\/\/rurallascolonias.com.ar\/?p=14086","title":{"rendered":"MA\u00d1ANA SE LANZA EL PROGRAMA AP\u00cdCOLA PROVINCIAL"},"content":{"rendered":"<p><em><strong><a href=\"http:\/\/rurallascolonias.com.ar\/?attachment_id=14087\" rel=\"attachment wp-att-14087\"><img loading=\"lazy\" class=\"aligncenter wp-image-14087 size-medium\" src=\"http:\/\/rurallascolonias.com.ar\/wp-content\/uploads\/2017\/04\/IMG-20170417-WA0007-300x222.jpg\" alt=\"\" width=\"300\" height=\"222\" srcset=\"http:\/\/rurallascolonias.com.ar\/wp-content\/uploads\/2017\/04\/IMG-20170417-WA0007-300x222.jpg 300w, http:\/\/rurallascolonias.com.ar\/wp-content\/uploads\/2017\/04\/IMG-20170417-WA0007-768x569.jpg 768w, http:\/\/rurallascolonias.com.ar\/wp-content\/uploads\/2017\/04\/IMG-20170417-WA0007-1024x759.jpg 1024w, http:\/\/rurallascolonias.com.ar\/wp-content\/uploads\/2017\/04\/IMG-20170417-WA0007-600x445.jpg 600w, http:\/\/rurallascolonias.com.ar\/wp-content\/uploads\/2017\/04\/IMG-20170417-WA0007-624x463.jpg 624w, http:\/\/rurallascolonias.com.ar\/wp-content\/uploads\/2017\/04\/IMG-20170417-WA0007.jpg 1280w\" sizes=\"(max-width: 300px) 100vw, 300px\" \/><\/a>El Ministro de la Producci\u00f3n, Luis Contigiani, el Secretario de Agricultura, Ganader\u00eda y Recursos Naturales, Marcelo Bargellini y el Sub secretario de Ganader\u00eda, Ra\u00fal Steffanazzi invitan al lanzamiento oficial del Programa Ap\u00edcola Provincial, espacio de fortalecimiento institucional, organizaci\u00f3n territorial, capacitaci\u00f3n y financiamiento para dotar de valor a esta producci\u00f3n. Ser\u00e1 ma\u00f1ana mi\u00e9rcoles 19 a partir de las 10 hs en el Sal\u00f3n Amarillo del Ministerio de la Producci\u00f3n<\/strong><\/em><\/p>\n<p>&nbsp;<\/p>\n","protected":false},"excerpt":{"rendered":"<p>El Ministro de la Producci\u00f3n, Luis Contigiani, el Secretario de Agricultura, Ganader\u00eda y Recursos Naturales, Marcelo Bargellini y el Sub secretario de Ganader\u00eda, Ra\u00fal Steffanazzi invitan al lanzamiento oficial del Programa Ap\u00edcola Provincial, espacio de fortalecimiento institucional, organizaci\u00f3n territorial, capacitaci\u00f3n y financiamiento para dotar de valor a esta producci\u00f3n. Ser\u00e1 ma\u00f1ana mi\u00e9rcoles 19 a partir [&hellip;]<\/p>\n","protected":false},"author":5,"featured_media":0,"comment_status":"open","ping_status":"open","sticky":false,"template":"","format":"standard","meta":[],"categories":[29],"tags":[3683],"_links":{"self":[{"href":"http:\/\/rurallascolonias.com.ar\/index.php?rest_route=\/wp\/v2\/posts\/14086"}],"collection":[{"href":"http:\/\/rurallascolonias.com.ar\/index.php?rest_route=\/wp\/v2\/posts"}],"about":[{"href":"http:\/\/rurallascolonias.com.ar\/index.php?rest_route=\/wp\/v2\/types\/post"}],"author":[{"embeddable":true,"href":"http:\/\/rurallascolonias.com.ar\/index.php?rest_route=\/wp\/v2\/users\/5"}],"replies":[{"embeddable":true,"href":"http:\/\/rurallascolonias.com.ar\/index.php?rest_route=%2Fwp%2Fv2%2Fcomments&post=14086"}],"version-history":[{"count":1,"href":"http:\/\/rurallascolonias.com.ar\/index.php?rest_route=\/wp\/v2\/posts\/14086\/revisions"}],"predecessor-version":[{"id":14088,"href":"http:\/\/rurallascolonias.com.ar\/index.php?rest_route=\/wp\/v2\/posts\/14086\/revisions\/14088"}],"wp:attachment":[{"href":"http:\/\/rurallascolonias.com.ar\/index.php?rest_route=%2Fwp%2Fv2%2Fmedia&parent=14086"}],"wp:term":[{"taxonomy":"category","embeddable":true,"href":"http:\/\/rurallascolonias.com.ar\/index.php?rest_route=%2Fwp%2Fv2%2Fcategories&post=14086"},{"taxonomy":"post_tag","embeddable":true,"href":"http:\/\/rurallascolonias.com.ar\/index.php?rest_route=%2Fwp%2Fv2%2Ftags&post=14086"}],"curies":[{"name":"wp","href":"https:\/\/api.w.org\/{rel}","templated":true}]}}