{"id":14047,"date":"2017-04-12T10:07:07","date_gmt":"2017-04-12T10:07:07","guid":{"rendered":"http:\/\/rurallascolonias.com.ar\/?p=14047"},"modified":"2017-04-12T13:10:48","modified_gmt":"2017-04-12T13:10:48","slug":"santa-fe-realizara-un-relevamiento-provincial-del-sector-porcino","status":"publish","type":"post","link":"http:\/\/rurallascolonias.com.ar\/?p=14047","title":{"rendered":"Santa Fe realizar\u00e1 un relevamiento provincial del sector porcino"},"content":{"rendered":"<p><strong><em><a href=\"http:\/\/rurallascolonias.com.ar\/?attachment_id=14048\" rel=\"attachment wp-att-14048\"><img loading=\"lazy\" class=\"aligncenter size-full wp-image-14048\" src=\"http:\/\/rurallascolonias.com.ar\/wp-content\/uploads\/2017\/04\/reuni\u00f3n-cerdos-santa-fe-1080x506.jpeg\" alt=\"\" width=\"1080\" height=\"506\" srcset=\"http:\/\/rurallascolonias.com.ar\/wp-content\/uploads\/2017\/04\/reuni\u00f3n-cerdos-santa-fe-1080x506.jpeg 1080w, http:\/\/rurallascolonias.com.ar\/wp-content\/uploads\/2017\/04\/reuni\u00f3n-cerdos-santa-fe-1080x506-300x141.jpeg 300w, http:\/\/rurallascolonias.com.ar\/wp-content\/uploads\/2017\/04\/reuni\u00f3n-cerdos-santa-fe-1080x506-768x360.jpeg 768w, http:\/\/rurallascolonias.com.ar\/wp-content\/uploads\/2017\/04\/reuni\u00f3n-cerdos-santa-fe-1080x506-1024x480.jpeg 1024w, http:\/\/rurallascolonias.com.ar\/wp-content\/uploads\/2017\/04\/reuni\u00f3n-cerdos-santa-fe-1080x506-600x281.jpeg 600w, http:\/\/rurallascolonias.com.ar\/wp-content\/uploads\/2017\/04\/reuni\u00f3n-cerdos-santa-fe-1080x506-624x292.jpeg 624w\" sizes=\"(max-width: 1080px) 100vw, 1080px\" \/><\/a>En una mesa con productores y entidades se abordaron diversas problem\u00e1ticas de la actividad y se manifestaron en contra de las importaciones de cerdo que se est\u00e1n realizando en el pa\u00eds<\/em><\/strong><!--more--><\/p>\n<p>Hoy tuvo lugar\u00a0un nuevo encuentro de la Mesa de Productores Porcinos de Santa Fe presidida por el secretario de Agricultura, Ganader\u00eda y Recursos Naturales, Marcelo Bargellini, acompa\u00f1ado por asesores y t\u00e9cnicos del Ministerio de la Producci\u00f3n provincial.<\/p>\n<p>La actividad, que se llev\u00f3 a cabo en el Sal\u00f3n Amarillo de la cartera, cont\u00f3 con la concurrencia de productores a nivel provincial, y entidades que los nuclean, tales como Asociaci\u00f3n de Productores Porcinos de la Provincia de Santa Fe (Apporsafe); Confederaciones Rurales Argentinas (Carsfe); Confederaci\u00f3n Intercooperativa Agropecuaria (Coninagro); y Federaci\u00f3n Agraria; as\u00ed como tambi\u00e9n representantes de la Facultad de Ciencias Agrarias de la Universidad Nacional de Rosario, de veterinarios, del Instituto de Porcinotecnia de Cha\u00f1ar Ladeado, de Senasa y Assal.<\/p>\n<p>\u201cEstablecimos un posicionamiento del sector en contra de las importaciones de carne de cerdo que se est\u00e1n realizando en el pa\u00eds; sobre todo por el problema que acarrea en lo sanitario, ya que se comercializa en forma inadecuada. Coincidimos en el est\u00edmulo al consumo de esta carne producida en nuestra provincia, por su inocuidad sanitaria\u201d, expres\u00f3 Bargellini\u00a0luego de la reuni\u00f3n.<\/p>\n<p>El funcionario explic\u00f3 que durante el encuentro se acord\u00f3 \u201ccomunicar y difundir la problem\u00e1tica ambiental del sector, y la necesidad de apoyo econ\u00f3mico provincial y nacional para sobrepasar la cuesti\u00f3n h\u00eddrica\u201d y se resolvi\u00f3 \u201cllevar adelante un relevamiento provincial del sector, con el objetivo de conocer efectivamente la realidad a nivel de los productores, en cuanto a tama\u00f1o de producci\u00f3n, instalaciones, y cuestiones sociales\u201d, agreg\u00f3 Bargellini.<\/p>\n<p>Durante el encuentro, adem\u00e1s, se trataron tem\u00e1ticas tales como el fortalecimiento del asociativismo en la actividad; el dise\u00f1o de herramientas de financiamiento; y el tratamiento de afluentes para su transformaci\u00f3n en biodiesel.<\/p>\n<p>Fuente: Infocampo<\/p>\n","protected":false},"excerpt":{"rendered":"<p>En una mesa con productores y entidades se abordaron diversas problem\u00e1ticas de la actividad y se manifestaron en contra de las importaciones de cerdo que se est\u00e1n realizando en el pa\u00eds<\/p>\n","protected":false},"author":5,"featured_media":0,"comment_status":"open","ping_status":"open","sticky":false,"template":"","format":"standard","meta":[],"categories":[42],"tags":[3341,119,3675],"_links":{"self":[{"href":"http:\/\/rurallascolonias.com.ar\/index.php?rest_route=\/wp\/v2\/posts\/14047"}],"collection":[{"href":"http:\/\/rurallascolonias.com.ar\/index.php?rest_route=\/wp\/v2\/posts"}],"about":[{"href":"http:\/\/rurallascolonias.com.ar\/index.php?rest_route=\/wp\/v2\/types\/post"}],"author":[{"embeddable":true,"href":"http:\/\/rurallascolonias.com.ar\/index.php?rest_route=\/wp\/v2\/users\/5"}],"replies":[{"embeddable":true,"href":"http:\/\/rurallascolonias.com.ar\/index.php?rest_route=%2Fwp%2Fv2%2Fcomments&post=14047"}],"version-history":[{"count":1,"href":"http:\/\/rurallascolonias.com.ar\/index.php?rest_route=\/wp\/v2\/posts\/14047\/revisions"}],"predecessor-version":[{"id":14049,"href":"http:\/\/rurallascolonias.com.ar\/index.php?rest_route=\/wp\/v2\/posts\/14047\/revisions\/14049"}],"wp:attachment":[{"href":"http:\/\/rurallascolonias.com.ar\/index.php?rest_route=%2Fwp%2Fv2%2Fmedia&parent=14047"}],"wp:term":[{"taxonomy":"category","embeddable":true,"href":"http:\/\/rurallascolonias.com.ar\/index.php?rest_route=%2Fwp%2Fv2%2Fcategories&post=14047"},{"taxonomy":"post_tag","embeddable":true,"href":"http:\/\/rurallascolonias.com.ar\/index.php?rest_route=%2Fwp%2Fv2%2Ftags&post=14047"}],"curies":[{"name":"wp","href":"https:\/\/api.w.org\/{rel}","templated":true}]}}