{"id":14040,"date":"2017-04-12T12:51:51","date_gmt":"2017-04-12T12:51:51","guid":{"rendered":"http:\/\/rurallascolonias.com.ar\/?p=14040"},"modified":"2017-04-12T12:51:51","modified_gmt":"2017-04-12T12:51:51","slug":"advierten-que-el-sector-tambero-de-santa-fe-no-resistiria-una-tercera-crisis-hidrica","status":"publish","type":"post","link":"http:\/\/rurallascolonias.com.ar\/?p=14040","title":{"rendered":"Advierten que el sector tambero de Santa Fe \u201cno resistir\u00eda una tercera crisis h\u00eddrica\u201d"},"content":{"rendered":"<p><strong><em><a href=\"http:\/\/rurallascolonias.com.ar\/?attachment_id=14041\" rel=\"attachment wp-att-14041\"><img loading=\"lazy\" class=\"aligncenter size-full wp-image-14041\" src=\"http:\/\/rurallascolonias.com.ar\/wp-content\/uploads\/2017\/04\/Advierten-que-el-sector-tambero-de-Santa-Fe-300x300.jpg\" alt=\"\" width=\"300\" height=\"300\" srcset=\"http:\/\/rurallascolonias.com.ar\/wp-content\/uploads\/2017\/04\/Advierten-que-el-sector-tambero-de-Santa-Fe-300x300.jpg 300w, http:\/\/rurallascolonias.com.ar\/wp-content\/uploads\/2017\/04\/Advierten-que-el-sector-tambero-de-Santa-Fe-300x300-150x150.jpg 150w\" sizes=\"(max-width: 300px) 100vw, 300px\" \/><\/a>El ministro de la Producci\u00f3n, Luis Contigiani, admiti\u00f3 que el pron\u00f3stico para abril es \u201ccomplicado\u201d<\/em><\/strong><!--more--><\/p>\n<p>El ministro de la Producci\u00f3n de Santa Fe, Luis Contigiani, se refiri\u00f3 este martes a los problemas en la producci\u00f3n de leche y afirm\u00f3 que \u201cel sector no resistir\u00eda una tercera crisis h\u00eddrica\u201d en caso de que se repitan las inundaciones registradas a principios y a fines de 2016.<\/p>\n<p>\u201cTenemos un abril complicado\u201d, reconoci\u00f3 el funcionario durante una entrevista con la emisora LT8. En este sentido, indic\u00f3 que las lluvias afectar\u00edan \u201cno s\u00f3lo a los tamberos\u201d y agreg\u00f3: \u201cLos pron\u00f3sticos son de mucha lluvia, tenemos la soja sin recolectar y el ma\u00edz tambi\u00e9n\u201d.<\/p>\n<p>Contigiani coment\u00f3 que se prev\u00e9n \u201cdificultades en el traslado\u201d de la cosecha y adelant\u00f3 que la Provincia lanzar\u00e1 la semana que viene l\u00edneas de financiamiento para la compra de silobolsas.<\/p>\n<p>&nbsp;<\/p>\n","protected":false},"excerpt":{"rendered":"<p>El ministro de la Producci\u00f3n, Luis Contigiani, admiti\u00f3 que el pron\u00f3stico para abril es \u201ccomplicado\u201d<\/p>\n","protected":false},"author":5,"featured_media":0,"comment_status":"open","ping_status":"open","sticky":false,"template":"","format":"standard","meta":[],"categories":[42,1393],"tags":[2880,900,3455,119,2876,1777,3673],"_links":{"self":[{"href":"http:\/\/rurallascolonias.com.ar\/index.php?rest_route=\/wp\/v2\/posts\/14040"}],"collection":[{"href":"http:\/\/rurallascolonias.com.ar\/index.php?rest_route=\/wp\/v2\/posts"}],"about":[{"href":"http:\/\/rurallascolonias.com.ar\/index.php?rest_route=\/wp\/v2\/types\/post"}],"author":[{"embeddable":true,"href":"http:\/\/rurallascolonias.com.ar\/index.php?rest_route=\/wp\/v2\/users\/5"}],"replies":[{"embeddable":true,"href":"http:\/\/rurallascolonias.com.ar\/index.php?rest_route=%2Fwp%2Fv2%2Fcomments&post=14040"}],"version-history":[{"count":1,"href":"http:\/\/rurallascolonias.com.ar\/index.php?rest_route=\/wp\/v2\/posts\/14040\/revisions"}],"predecessor-version":[{"id":14042,"href":"http:\/\/rurallascolonias.com.ar\/index.php?rest_route=\/wp\/v2\/posts\/14040\/revisions\/14042"}],"wp:attachment":[{"href":"http:\/\/rurallascolonias.com.ar\/index.php?rest_route=%2Fwp%2Fv2%2Fmedia&parent=14040"}],"wp:term":[{"taxonomy":"category","embeddable":true,"href":"http:\/\/rurallascolonias.com.ar\/index.php?rest_route=%2Fwp%2Fv2%2Fcategories&post=14040"},{"taxonomy":"post_tag","embeddable":true,"href":"http:\/\/rurallascolonias.com.ar\/index.php?rest_route=%2Fwp%2Fv2%2Ftags&post=14040"}],"curies":[{"name":"wp","href":"https:\/\/api.w.org\/{rel}","templated":true}]}}