{"id":1404,"date":"2014-02-17T17:46:21","date_gmt":"2014-02-17T17:46:21","guid":{"rendered":"http:\/\/rurallascolonias.com.ar\/?p=1404"},"modified":"2014-02-17T17:46:21","modified_gmt":"2014-02-17T17:46:21","slug":"el-gobierno-de-santa-fe-intenta-frenar-el-cierre-del-frigorifico-de-hughes","status":"publish","type":"post","link":"http:\/\/rurallascolonias.com.ar\/?p=1404","title":{"rendered":"EL GOBIERNO DE SANTA FE INTENTA FRENAR EL CIERRE DEL FRIGOR\u00cdFICO  DE HUGHES"},"content":{"rendered":"<h2><a href=\"http:\/\/rurallascolonias.com.ar\/wp-content\/uploads\/2014\/02\/cierre-frigor\u00edfico.jpg\"><img loading=\"lazy\" class=\"aligncenter size-full wp-image-1405\" alt=\"cierre frigor\u00edfico\" src=\"http:\/\/rurallascolonias.com.ar\/wp-content\/uploads\/2014\/02\/cierre-frigor\u00edfico.jpg\" width=\"259\" height=\"194\" \/><\/a>Los ministros Fascendini y Genesini se reunieron con directivos del Grupo Marfrig, cuya actividad est\u00e1 suspendida por 60 d\u00edas en plena emergencia econ\u00f3mica. La empresa eval\u00faa trasladarse a San Luis.<!--more--><\/h2>\n<p>El viernes pasado el ministro de la Producci\u00f3n, Carlos Fascendini, junto a su par de Trabajo, Empleo y Seguridad Social, Julio Genesini, mantuvieron una reuni\u00f3n con los directivos del frigor\u00edfico que la firma brasilera Marfrig Group tiene en la localidad de Hughes, para mediar en el conflicto desatado ante el posible cese de las actividades productivas de la planta.<\/p>\n<p>De la reuni\u00f3n, que se llev\u00f3 adelante en el Sal\u00f3n Amarillo de la cartera productiva, participaron tambi\u00e9n las diputadas nacionales Alicia Ciciliani y Claudia Giaccone; y diputados provinciales, Maximiliano Pullaro y Dar\u00edo Mascioli; el senador por el Departamento General L\u00f3pez, Lisandro Enrico; y los presidentes comunales de Hughes, Mario Viola; de Wheelwright, Daniel Peralba; y de Labordeboy, Andrea Oberti.<\/p>\n<p>Refiri\u00e9ndose a lo discutido durante la reuni\u00f3n, Fascendini aclar\u00f3 que los directivos \u201cvinieron a exponer lo que la empresa est\u00e1 decidiendo: por sesenta d\u00edas van a estar trabajando con garant\u00eda horaria, habida cuenta de las dificultades econ\u00f3micas y financieras, derivadas de la pol\u00edtica nacional para el sector de la industria frigor\u00edfica\u201d.<\/p>\n<p>Durante el encuentro, y a\u00a0 partir de ese marco de referencia \u201cse estableci\u00f3, junto con las autoridades presentes -que han manifestado su gran preocupaci\u00f3n por la situaci\u00f3n-, un di\u00e1logo para ver alternativas que permitan la continuidad de la empresa\u201d, expres\u00f3 el ministro.<\/p>\n<p>Cabe mencionar que el frigor\u00edfico genera un gran movimiento econ\u00f3mico a nivel local, y que si bien la mayor\u00eda de los operarios son de Hughes tambi\u00e9n cuenta con trabajadores que viajan desde Wheelwright, Labordeboy y Melincu\u00e9, entre otras localidades.<\/p>\n<p>Refiri\u00e9ndose a los resultados del encuentro, el ministro dijo que \u201clos directivos cambiaron su decisi\u00f3n anterior, de reconcentrar su planta frigor\u00edfica en la localidad de Villa Mercedes, San Luis\u201d, donde la empresa cuenta con un frigor\u00edfico que actualmente est\u00e1 en funcionamiento.<\/p>\n<p>En este sentido, \u201clas autoridades presentes se comprometieron a transmitir la problem\u00e1tica a nivel nacional, para tratar a fondo c\u00f3mo destrabar los aspectos que hacen que la viabilidad econ\u00f3mica pueda mejorar.\u201d Lo planeado es llevar la inquietud al ministro de Agricultura, Carlos Casamiquela, como tambi\u00e9n autoridades del Ministerio de Econom\u00eda y de la jefatura de Gabinete.<\/p>\n<p>Cabe aclarar que el ministro Fascendini tambi\u00e9n sostuvo una reuni\u00f3n con los delegados, que representan a m\u00e1s de 500 empleados de la firma, para recoger sus inquietudes.<\/p>\n<p><strong>Fuente: Nuestro Agro<\/strong><\/p>\n","protected":false},"excerpt":{"rendered":"<p>Los ministros Fascendini y Genesini se reunieron con directivos del Grupo Marfrig, cuya actividad est\u00e1 suspendida por 60 d\u00edas en plena emergencia econ\u00f3mica. La empresa eval\u00faa trasladarse a San Luis.<\/p>\n","protected":false},"author":5,"featured_media":0,"comment_status":"closed","ping_status":"closed","sticky":false,"template":"","format":"standard","meta":[],"categories":[42,33],"tags":[569,26,530,567,532,568],"_links":{"self":[{"href":"http:\/\/rurallascolonias.com.ar\/index.php?rest_route=\/wp\/v2\/posts\/1404"}],"collection":[{"href":"http:\/\/rurallascolonias.com.ar\/index.php?rest_route=\/wp\/v2\/posts"}],"about":[{"href":"http:\/\/rurallascolonias.com.ar\/index.php?rest_route=\/wp\/v2\/types\/post"}],"author":[{"embeddable":true,"href":"http:\/\/rurallascolonias.com.ar\/index.php?rest_route=\/wp\/v2\/users\/5"}],"replies":[{"embeddable":true,"href":"http:\/\/rurallascolonias.com.ar\/index.php?rest_route=%2Fwp%2Fv2%2Fcomments&post=1404"}],"version-history":[{"count":1,"href":"http:\/\/rurallascolonias.com.ar\/index.php?rest_route=\/wp\/v2\/posts\/1404\/revisions"}],"predecessor-version":[{"id":1406,"href":"http:\/\/rurallascolonias.com.ar\/index.php?rest_route=\/wp\/v2\/posts\/1404\/revisions\/1406"}],"wp:attachment":[{"href":"http:\/\/rurallascolonias.com.ar\/index.php?rest_route=%2Fwp%2Fv2%2Fmedia&parent=1404"}],"wp:term":[{"taxonomy":"category","embeddable":true,"href":"http:\/\/rurallascolonias.com.ar\/index.php?rest_route=%2Fwp%2Fv2%2Fcategories&post=1404"},{"taxonomy":"post_tag","embeddable":true,"href":"http:\/\/rurallascolonias.com.ar\/index.php?rest_route=%2Fwp%2Fv2%2Ftags&post=1404"}],"curies":[{"name":"wp","href":"https:\/\/api.w.org\/{rel}","templated":true}]}}