{"id":14019,"date":"2017-04-10T13:25:22","date_gmt":"2017-04-10T13:25:22","guid":{"rendered":"http:\/\/rurallascolonias.com.ar\/?p=14019"},"modified":"2017-04-10T13:25:22","modified_gmt":"2017-04-10T13:25:22","slug":"lecheria-la-crisis-del-sector-arrasa-con-los-tambos","status":"publish","type":"post","link":"http:\/\/rurallascolonias.com.ar\/?p=14019","title":{"rendered":"Lecher\u00eda: La crisis del sector arrasa con los tambos"},"content":{"rendered":"<p><em><strong><a href=\"http:\/\/rurallascolonias.com.ar\/?attachment_id=14020\" rel=\"attachment wp-att-14020\"><img loading=\"lazy\" class=\"aligncenter size-full wp-image-14020\" src=\"http:\/\/rurallascolonias.com.ar\/wp-content\/uploads\/2017\/04\/lecheria.jpg\" alt=\"\" width=\"218\" height=\"150\" \/><\/a>Seg\u00fan el Observatorio de la Cadena L\u00e1ctea, son 460 establecimientos lecheros los que cerraron en 2016. La situaci\u00f3n se agravo en el \u00faltimo tiempo y la crisis no llega s\u00f3lo a la producci\u00f3n sino tambi\u00e9n a la industria<\/strong><\/em><!--more--><\/p>\n<p>Jorge Chemes, Vicepresidente del CRA, \u00a0habl\u00f3 sobre esta situaci\u00f3n que est\u00e1n pasando los establecimientos lecheros.<\/p>\n<p>\u201cAlgo preocupante es la mala situaci\u00f3n de las empresas grandes est\u00e1 repercutiendo en PyMES lecheras, en empresas chicas que trabajan alrededor de estas empresas que est\u00e1n en dificultades. Esto esta generando un marco dentro de la lecher\u00eda muy preocupante\u201d enfatiz\u00f3 Chemes.<\/p>\n<p>Adem\u00e1s, el representante, del CRA agregaba: \u201cTodo esta llevando a una situaci\u00f3n de achicamiento, a una situaci\u00f3n donde no podemos frenar el cierre de tambos, sobre todo tambos medianos y chicos\u201d.<\/p>\n<p>&nbsp;<\/p>\n","protected":false},"excerpt":{"rendered":"<p>Seg\u00fan el Observatorio de la Cadena L\u00e1ctea, son 460 establecimientos lecheros los que cerraron en 2016. La situaci\u00f3n se agravo en el \u00faltimo tiempo y la crisis no llega s\u00f3lo a la producci\u00f3n sino tambi\u00e9n a la industria<\/p>\n","protected":false},"author":5,"featured_media":0,"comment_status":"open","ping_status":"open","sticky":false,"template":"","format":"standard","meta":[],"categories":[46],"tags":[3665,900,12,2876,406],"_links":{"self":[{"href":"http:\/\/rurallascolonias.com.ar\/index.php?rest_route=\/wp\/v2\/posts\/14019"}],"collection":[{"href":"http:\/\/rurallascolonias.com.ar\/index.php?rest_route=\/wp\/v2\/posts"}],"about":[{"href":"http:\/\/rurallascolonias.com.ar\/index.php?rest_route=\/wp\/v2\/types\/post"}],"author":[{"embeddable":true,"href":"http:\/\/rurallascolonias.com.ar\/index.php?rest_route=\/wp\/v2\/users\/5"}],"replies":[{"embeddable":true,"href":"http:\/\/rurallascolonias.com.ar\/index.php?rest_route=%2Fwp%2Fv2%2Fcomments&post=14019"}],"version-history":[{"count":1,"href":"http:\/\/rurallascolonias.com.ar\/index.php?rest_route=\/wp\/v2\/posts\/14019\/revisions"}],"predecessor-version":[{"id":14021,"href":"http:\/\/rurallascolonias.com.ar\/index.php?rest_route=\/wp\/v2\/posts\/14019\/revisions\/14021"}],"wp:attachment":[{"href":"http:\/\/rurallascolonias.com.ar\/index.php?rest_route=%2Fwp%2Fv2%2Fmedia&parent=14019"}],"wp:term":[{"taxonomy":"category","embeddable":true,"href":"http:\/\/rurallascolonias.com.ar\/index.php?rest_route=%2Fwp%2Fv2%2Fcategories&post=14019"},{"taxonomy":"post_tag","embeddable":true,"href":"http:\/\/rurallascolonias.com.ar\/index.php?rest_route=%2Fwp%2Fv2%2Ftags&post=14019"}],"curies":[{"name":"wp","href":"https:\/\/api.w.org\/{rel}","templated":true}]}}