{"id":13969,"date":"2017-04-04T10:59:01","date_gmt":"2017-04-04T10:59:01","guid":{"rendered":"http:\/\/rurallascolonias.com.ar\/?p=13969"},"modified":"2017-04-04T16:00:56","modified_gmt":"2017-04-04T16:00:56","slug":"el-clima-vuelve-a-la-normalidad","status":"publish","type":"post","link":"http:\/\/rurallascolonias.com.ar\/?p=13969","title":{"rendered":"El clima vuelve a la normalidad"},"content":{"rendered":"<h3><em><a href=\"http:\/\/rurallascolonias.com.ar\/?attachment_id=13970\" rel=\"attachment wp-att-13970\"><img loading=\"lazy\" class=\"aligncenter wp-image-13970 size-medium\" src=\"http:\/\/rurallascolonias.com.ar\/wp-content\/uploads\/2017\/04\/sol-300x200.jpg\" alt=\"\" width=\"300\" height=\"200\" srcset=\"http:\/\/rurallascolonias.com.ar\/wp-content\/uploads\/2017\/04\/sol-300x200.jpg 300w, http:\/\/rurallascolonias.com.ar\/wp-content\/uploads\/2017\/04\/sol-600x400.jpg 600w, http:\/\/rurallascolonias.com.ar\/wp-content\/uploads\/2017\/04\/sol-624x416.jpg 624w, http:\/\/rurallascolonias.com.ar\/wp-content\/uploads\/2017\/04\/sol.jpg 750w\" sizes=\"(max-width: 300px) 100vw, 300px\" \/><\/a>La semana estar\u00e1 caracterizada por volver a condiciones normales de lluvia, ya que luego del intenso temporal que azot\u00f3 gran parte del territorio nacional, las condiciones tienden a presentarse con valores dentro de los par\u00e1metros normales<\/em><\/h3>\n<p><!--more--><\/p>\n<p><span class=\"vw-dropcap vw-dropcap-standard\">L<\/span>as lluvias esperadas para esta semana, no ayudar\u00e1n a solucionar los excesos que se han generado en el este de La Pampa y las vecindades del sudeste de Santa Fe, sudoeste santafesino y oeste bonaerense.<\/p>\n<p>Tanto las precipitaciones como las marcas t\u00e9rmicas presentar\u00e1n registros similares a los habituales para la \u00e9poca del a\u00f1o que estamos transcurriendo.<\/p>\n<p>Para la jornada de hoy, el ingreso de aire m\u00e1s fr\u00edo sobre la porci\u00f3n central del pa\u00eds generar\u00e1 condiciones de inestabilidad para todo el sector central del territorio nacional. Las provincias de C\u00f3rdoba, Santa Fe, Entre R\u00edos, norte de Buenos Aires, y en menor medida Corrientes, Chaco y Formosa, volver\u00e1n a presentar lluvias y chaparrones, que en general ser\u00e1n d\u00e9biles o moderados, pero ya los acumulados ser\u00e1n significativamente inferiores a los registrados hasta el momento.<\/p>\n<p>En tanto el mi\u00e9rcoles, se prev\u00e9n precipitaciones sobre Santa Fe, Chaco y Formosa, pero con fen\u00f3menos m\u00e1s aislados, intermitentes y con acumulados menos significativos.<\/p>\n<p>Para el\u00a0jueves, se presentar\u00e1 un cambio significativo sobre el centro del pa\u00eds, ya que el ingreso de un centro de alta presi\u00f3n generar\u00e1 condiciones de tiempo estable, aunque ser\u00e1 s\u00f3lo de manera temporaria. Este frente, tendr\u00e1 un r\u00e1pido desplazamiento hacia el norte, por lo que se prev\u00e9 que r\u00e1pidamente alcance la zona central del pa\u00eds.<\/p>\n<p>Adem\u00e1s el\u00a0viernes, el sistema frontal fr\u00edo ya alcanzar\u00e1 la porci\u00f3n central del territorio nacional, y en su desplazamiento ir\u00e1 generando lluvias, chaparrones e incluso algunas tormentas.<\/p>\n<p>Por \u00faltimo el fin de semana se esperan condiciones de tiempo estable en la mayor parte del territorio nacional.<\/p>\n<p>El sistema frontal se ir\u00e1 retirando del pa\u00eds, permitiendo el ingreso de un centro de alta presi\u00f3n al \u00e1rea pampeana, lo que provocar\u00e1 un moderado descenso t\u00e9rmico, una disminuci\u00f3n de la humedad en las capas bajas de la atm\u00f3sfera y la rotaci\u00f3n del viento al sector sur sobre esa regi\u00f3n.<\/p>\n<p>Mientras tanto, sobre el noreste del pa\u00eds, se prev\u00e9 que contin\u00faen las lluvias y tormentas afectando Formosa, Chaco, Misiones, Corrientes, norte de Santa Fe e incluso hasta el norte de Entre R\u00edos.<\/p>\n<p>Fuente: CCA\/SMN\/NewsAgrofyo<\/p>\n","protected":false},"excerpt":{"rendered":"<p>La semana estar\u00e1 caracterizada por volver a condiciones normales de lluvia, ya que luego del intenso temporal que azot\u00f3 gran parte del territorio nacional, las condiciones tienden a presentarse con valores dentro de los par\u00e1metros normales<\/p>\n","protected":false},"author":5,"featured_media":0,"comment_status":"open","ping_status":"open","sticky":false,"template":"","format":"standard","meta":[],"categories":[40],"tags":[91],"_links":{"self":[{"href":"http:\/\/rurallascolonias.com.ar\/index.php?rest_route=\/wp\/v2\/posts\/13969"}],"collection":[{"href":"http:\/\/rurallascolonias.com.ar\/index.php?rest_route=\/wp\/v2\/posts"}],"about":[{"href":"http:\/\/rurallascolonias.com.ar\/index.php?rest_route=\/wp\/v2\/types\/post"}],"author":[{"embeddable":true,"href":"http:\/\/rurallascolonias.com.ar\/index.php?rest_route=\/wp\/v2\/users\/5"}],"replies":[{"embeddable":true,"href":"http:\/\/rurallascolonias.com.ar\/index.php?rest_route=%2Fwp%2Fv2%2Fcomments&post=13969"}],"version-history":[{"count":1,"href":"http:\/\/rurallascolonias.com.ar\/index.php?rest_route=\/wp\/v2\/posts\/13969\/revisions"}],"predecessor-version":[{"id":13971,"href":"http:\/\/rurallascolonias.com.ar\/index.php?rest_route=\/wp\/v2\/posts\/13969\/revisions\/13971"}],"wp:attachment":[{"href":"http:\/\/rurallascolonias.com.ar\/index.php?rest_route=%2Fwp%2Fv2%2Fmedia&parent=13969"}],"wp:term":[{"taxonomy":"category","embeddable":true,"href":"http:\/\/rurallascolonias.com.ar\/index.php?rest_route=%2Fwp%2Fv2%2Fcategories&post=13969"},{"taxonomy":"post_tag","embeddable":true,"href":"http:\/\/rurallascolonias.com.ar\/index.php?rest_route=%2Fwp%2Fv2%2Ftags&post=13969"}],"curies":[{"name":"wp","href":"https:\/\/api.w.org\/{rel}","templated":true}]}}