{"id":13960,"date":"2017-04-03T17:07:00","date_gmt":"2017-04-03T17:07:00","guid":{"rendered":"http:\/\/rurallascolonias.com.ar\/?p=13960"},"modified":"2017-04-03T17:07:00","modified_gmt":"2017-04-03T17:07:00","slug":"en-el-mes-de-la-vidriera-genetica-lechera","status":"publish","type":"post","link":"http:\/\/rurallascolonias.com.ar\/?p=13960","title":{"rendered":"EN EL MES DE LA VIDRIERA GEN\u00c9TICA LECHERA"},"content":{"rendered":"<p><em><strong><a href=\"http:\/\/rurallascolonias.com.ar\/?attachment_id=13961\" rel=\"attachment wp-att-13961\"><img loading=\"lazy\" class=\"aligncenter size-full wp-image-13961\" src=\"http:\/\/rurallascolonias.com.ar\/wp-content\/uploads\/2017\/04\/IMG-20170321-WA0002.jpg\" alt=\"\" width=\"960\" height=\"720\" srcset=\"http:\/\/rurallascolonias.com.ar\/wp-content\/uploads\/2017\/04\/IMG-20170321-WA0002.jpg 960w, http:\/\/rurallascolonias.com.ar\/wp-content\/uploads\/2017\/04\/IMG-20170321-WA0002-300x225.jpg 300w, http:\/\/rurallascolonias.com.ar\/wp-content\/uploads\/2017\/04\/IMG-20170321-WA0002-768x576.jpg 768w, http:\/\/rurallascolonias.com.ar\/wp-content\/uploads\/2017\/04\/IMG-20170321-WA0002-600x450.jpg 600w, http:\/\/rurallascolonias.com.ar\/wp-content\/uploads\/2017\/04\/IMG-20170321-WA0002-624x468.jpg 624w\" sizes=\"(max-width: 960px) 100vw, 960px\" \/><\/a>El pr\u00f3ximo 21 de Abril se realizar\u00e1 la und\u00e9cima edici\u00f3n de la Vidriera Gen\u00e9tica Lechera organizada por la Sociedad Rural de Las Colonias.\u00a0Se desarrollar\u00e1 en el predio de la instituci\u00f3n ubicado a la vera de la Ruta Provincial N\u00b0 70, km 26<\/strong><\/em><\/p>\n","protected":false},"excerpt":{"rendered":"<p>El pr\u00f3ximo 21 de Abril se realizar\u00e1 la und\u00e9cima edici\u00f3n de la Vidriera Gen\u00e9tica Lechera organizada por la Sociedad Rural de Las Colonias.\u00a0Se desarrollar\u00e1 en el predio de la instituci\u00f3n ubicado a la vera de la Ruta Provincial N\u00b0 70, km 26<\/p>\n","protected":false},"author":5,"featured_media":0,"comment_status":"open","ping_status":"open","sticky":false,"template":"","format":"standard","meta":[],"categories":[1],"tags":[],"_links":{"self":[{"href":"http:\/\/rurallascolonias.com.ar\/index.php?rest_route=\/wp\/v2\/posts\/13960"}],"collection":[{"href":"http:\/\/rurallascolonias.com.ar\/index.php?rest_route=\/wp\/v2\/posts"}],"about":[{"href":"http:\/\/rurallascolonias.com.ar\/index.php?rest_route=\/wp\/v2\/types\/post"}],"author":[{"embeddable":true,"href":"http:\/\/rurallascolonias.com.ar\/index.php?rest_route=\/wp\/v2\/users\/5"}],"replies":[{"embeddable":true,"href":"http:\/\/rurallascolonias.com.ar\/index.php?rest_route=%2Fwp%2Fv2%2Fcomments&post=13960"}],"version-history":[{"count":1,"href":"http:\/\/rurallascolonias.com.ar\/index.php?rest_route=\/wp\/v2\/posts\/13960\/revisions"}],"predecessor-version":[{"id":13962,"href":"http:\/\/rurallascolonias.com.ar\/index.php?rest_route=\/wp\/v2\/posts\/13960\/revisions\/13962"}],"wp:attachment":[{"href":"http:\/\/rurallascolonias.com.ar\/index.php?rest_route=%2Fwp%2Fv2%2Fmedia&parent=13960"}],"wp:term":[{"taxonomy":"category","embeddable":true,"href":"http:\/\/rurallascolonias.com.ar\/index.php?rest_route=%2Fwp%2Fv2%2Fcategories&post=13960"},{"taxonomy":"post_tag","embeddable":true,"href":"http:\/\/rurallascolonias.com.ar\/index.php?rest_route=%2Fwp%2Fv2%2Ftags&post=13960"}],"curies":[{"name":"wp","href":"https:\/\/api.w.org\/{rel}","templated":true}]}}