{"id":13938,"date":"2017-03-31T23:48:32","date_gmt":"2017-03-31T23:48:32","guid":{"rendered":"http:\/\/rurallascolonias.com.ar\/?p=13938"},"modified":"2017-03-31T23:48:32","modified_gmt":"2017-03-31T23:48:32","slug":"jornada-de-cra-sobre-semillas","status":"publish","type":"post","link":"http:\/\/rurallascolonias.com.ar\/?p=13938","title":{"rendered":"Jornada de CRA sobre Semillas"},"content":{"rendered":"<p align=\"center\"><em><b><a href=\"http:\/\/rurallascolonias.com.ar\/?attachment_id=13578\" rel=\"attachment wp-att-13578\"><img loading=\"lazy\" class=\"alignleft size-full wp-image-13578\" src=\"http:\/\/rurallascolonias.com.ar\/wp-content\/uploads\/2017\/02\/CRA.png\" alt=\"\" width=\"232\" height=\"222\" \/><\/a>El jueves 6 de abril a partir de las 8:30 horas. Se solicita informen en CRA quienes ser\u00e1n los representantes que participar\u00e1n de este importante encuentro<\/b><\/em><u><\/u><!--more--><\/p>\n<p align=\"center\">\u00a0<u><\/u><u><\/u><\/p>\n<p>Este jueves 6 de abril Confederaciones Rurales Argentinas (CRA) organiza una jornada de capacitaci\u00f3n sobre \u00absemillas\u00bb destinada a los delegados de las confederaciones que integran la red federal de la entidad.<u><\/u><u><\/u><\/p>\n<p><b>El temario pondr\u00e1 el eje sobre la legislaci\u00f3n actual, proyectos de ley, distintos tipos de protecci\u00f3n de la propiedad intelectual y los roles del INASE. Adem\u00e1s se buscar\u00e1 llegar a consensos mediante una mesa de taller.<\/b><u><\/u><u><\/u><\/p>\n<p><b>A las Confederaciones, Asociaciones y Federaciones integrantes de CRA se le solicita enviar entre dos y tres delegados especializados en semillas. Tambi\u00e9n se les solicita la participaci\u00f3n de j\u00f3venes atene\u00edstas de su entidad.\u00a0<\/b><u><\/u><u><\/u><\/p>\n<p><b>Programa jueves 6 de abril<\/b><u><\/u><u><\/u><\/p>\n<p><b>Charla: Creaciones fitogen\u00e9ticas, licencias y patentes<br \/>\nDisertante Gabriel Delgado<\/b><br \/>\nEconomista de INTA, ex Secretario de Agricultura.<u><\/u><u><\/u><\/p>\n<p><b>Charla: Alcances y excepciones de los derechos del obtentor seg\u00fan la legislaci\u00f3n argentina<br \/>\nDisertante: Carmen Gianni<\/b><br \/>\nProcuradora, abogada y escribana. Coordinadora de propiedad intelectual del INASE.<u><\/u><u><\/u><\/p>\n<p><b>Charla: Poder de polic\u00eda del INASE<br \/>\nDisertante: Carlos Ripoll<\/b><br \/>\nIngeniero Agr\u00f3nomo, director de Certificaci\u00f3n y Control del INASE.<u><\/u><u><\/u><\/p>\n<p><b><br \/>\nCharla: RUS (Registro \u00danico de Semillas)<br \/>\nDisertante: Luciano Zarich<\/b><br \/>\nContador P\u00fablico Informe sobre el INASE.<u><\/u><u><\/u><\/p>\n<p><b>Charla: Patentes \u00bfqu\u00e9 protegen, qu\u00e9 es patentable?<br \/>\nDisertante: Juan Carlos Iglesias Perez<br \/>\n<\/b>Asesor privado.<u><\/u><u><\/u><\/p>\n<p><b>Charla: Visi\u00f3n sobre legislaci\u00f3n de semillas y proyecto de ley<br \/>\nDisertante: Guillermo Bernaudo<br \/>\n<\/b>Ingeniero agr\u00f3nomo, Jefe de Gabinete del Ministerio de Agroindustria.<u><\/u><u><\/u><\/p>\n<p><b>Taller de trabajo<br \/>\nCoordinador: Jorge Latuf<\/b><br \/>\nIngeniero agr\u00f3nomo, coordinador General del Movimiento CREA.<u><\/u><u><\/u><\/p>\n<p><b>Temario:<\/b> Visi\u00f3n de los usuarios. Necesidades tecnol\u00f3gicas y posibilidades de incidir en la oferta de semilla que necesitamos. \u00bfSemillas por contrato o semillas bajo Ley de semillas? Ventajas y desventajas. Posici\u00f3n de CRA como entidad gremial. Resignar derechos que tenemos por ley \u00bfa qu\u00e9 precio y a cambio de qu\u00e9?<u><\/u><u><\/u><\/p>\n<p>Conclusiones finales de las Confederaciones y elaboraci\u00f3n de un documento para presentar al Consejo Directivo de CRA.<u><\/u><u><\/u><\/p>\n<p><b>Fecha: Jueves 6 de abril<\/b><u><\/u><u><\/u><\/p>\n<p><b>Horario: A partir de las 8:30 hs<\/b><u><\/u><u><\/u><\/p>\n<p><b>Lugar: CRA, M\u00e9xico\u00a0628 Piso 2<\/b><\/p>\n","protected":false},"excerpt":{"rendered":"<p>El jueves 6 de abril a partir de las 8:30 horas. Se solicita informen en CRA quienes ser\u00e1n los representantes que participar\u00e1n de este importante encuentro<\/p>\n","protected":false},"author":5,"featured_media":0,"comment_status":"open","ping_status":"open","sticky":false,"template":"","format":"standard","meta":[],"categories":[1],"tags":[],"_links":{"self":[{"href":"http:\/\/rurallascolonias.com.ar\/index.php?rest_route=\/wp\/v2\/posts\/13938"}],"collection":[{"href":"http:\/\/rurallascolonias.com.ar\/index.php?rest_route=\/wp\/v2\/posts"}],"about":[{"href":"http:\/\/rurallascolonias.com.ar\/index.php?rest_route=\/wp\/v2\/types\/post"}],"author":[{"embeddable":true,"href":"http:\/\/rurallascolonias.com.ar\/index.php?rest_route=\/wp\/v2\/users\/5"}],"replies":[{"embeddable":true,"href":"http:\/\/rurallascolonias.com.ar\/index.php?rest_route=%2Fwp%2Fv2%2Fcomments&post=13938"}],"version-history":[{"count":1,"href":"http:\/\/rurallascolonias.com.ar\/index.php?rest_route=\/wp\/v2\/posts\/13938\/revisions"}],"predecessor-version":[{"id":13939,"href":"http:\/\/rurallascolonias.com.ar\/index.php?rest_route=\/wp\/v2\/posts\/13938\/revisions\/13939"}],"wp:attachment":[{"href":"http:\/\/rurallascolonias.com.ar\/index.php?rest_route=%2Fwp%2Fv2%2Fmedia&parent=13938"}],"wp:term":[{"taxonomy":"category","embeddable":true,"href":"http:\/\/rurallascolonias.com.ar\/index.php?rest_route=%2Fwp%2Fv2%2Fcategories&post=13938"},{"taxonomy":"post_tag","embeddable":true,"href":"http:\/\/rurallascolonias.com.ar\/index.php?rest_route=%2Fwp%2Fv2%2Ftags&post=13938"}],"curies":[{"name":"wp","href":"https:\/\/api.w.org\/{rel}","templated":true}]}}