{"id":13936,"date":"2017-03-31T23:40:59","date_gmt":"2017-03-31T23:40:59","guid":{"rendered":"http:\/\/rurallascolonias.com.ar\/?p=13936"},"modified":"2017-03-31T23:40:59","modified_gmt":"2017-03-31T23:40:59","slug":"diputados-de-santa-fe-y-cordoba-se-reunieron-por-sancor","status":"publish","type":"post","link":"http:\/\/rurallascolonias.com.ar\/?p=13936","title":{"rendered":"Diputados de Santa Fe y C\u00f3rdoba se reunieron por SanCor"},"content":{"rendered":"<p><em><strong><a href=\"http:\/\/rurallascolonias.com.ar\/?attachment_id=10780\" rel=\"attachment wp-att-10780\"><img loading=\"lazy\" class=\"aligncenter size-full wp-image-10780\" src=\"http:\/\/rurallascolonias.com.ar\/wp-content\/uploads\/2016\/05\/Sancor-1.jpg\" alt=\"\" width=\"337\" height=\"149\" srcset=\"http:\/\/rurallascolonias.com.ar\/wp-content\/uploads\/2016\/05\/Sancor-1.jpg 337w, http:\/\/rurallascolonias.com.ar\/wp-content\/uploads\/2016\/05\/Sancor-1-300x133.jpg 300w\" sizes=\"(max-width: 337px) 100vw, 337px\" \/><\/a>Legisladores de ambas provincias trabajan de forma conjunta para encontrar una soluci\u00f3n al problema atravesado por la cooperativa l\u00e1ctea. Son varias las plantas afectadas y peligran m\u00e1s de mil puestos de trabajo<\/strong><\/em><!--more--><\/p>\n<p>En la ma\u00f1ana del jueves se llev\u00f3 a cabo la reuni\u00f3n pedida por Luis Rubeo entre diputados de Santa Fe y C\u00f3rdoba a fin de encontrar una soluci\u00f3n conjunta a la problem\u00e1tica que atraviesa SanCor.<\/p>\n<p>Radio Uno 101.3 dialog\u00f3 con el Diputado Provincial por el departamento Castellanos Omar Mart\u00ednez. El mismo cont\u00f3 que en el encuentro se trataron dos temas fundamentales: \u201cdefender la Cooperativa y tambi\u00e9n a las fuentes de trabajo\u201d. Seg\u00fan cont\u00f3 el Legislador, \u201cla idea con los legisladores de C\u00f3rdoba es poder aportar entre todos una soluci\u00f3n Global\u201d y no tratando los casos de cada planta comprometida en particular.<\/p>\n<p>Para Mart\u00ednez la soluci\u00f3n se encontrar\u00e1 entre \u201cel Gobierno Nacional como lo est\u00e1 haciendo con las medidas claras, SanCor, Atilra y creo que tiene que unirse el Gobierno de C\u00f3rdoba y el Gobierno de Santa Fe\u201d.<\/p>\n<p>En cambio para Germ\u00e1n Pratto, diputado cordob\u00e9s, si bien \u201cla iniciativa del Presidente de la C\u00e1mara de Diputados de Santa Fe (convocar a diversas comisiones vinculadas al sector) ha sido muy buena; el principal responsable que tiene que ponerle un marco a estas soluciones de fondo es el Gobierno Nacional\u201d.<\/p>\n<p>El legislador de la vecina provincia considera clave para la soluci\u00f3n del conflicto \u201csincerar la cadena de formaci\u00f3n de precios. No puede ser que en este momento la mayor parte de la rentabilidad se la lleve la cadena de comercializaci\u00f3n en s\u00ed\u201d. No obstante, no consider\u00f3 que los incidentes en la industria l\u00e1ctea sean producto solo de las pol\u00edticas nacionales actuales sino tambi\u00e9n de gobiernos anteriores. La diferencia radica en que ahora se sumaron demasiados factores que hacen que el sector no pueda seguir \u201csoportando\u201d.<\/p>\n<p>agenciafe.com<\/p>\n","protected":false},"excerpt":{"rendered":"<p>Legisladores de ambas provincias trabajan de forma conjunta para encontrar una soluci\u00f3n al problema atravesado por la cooperativa l\u00e1ctea. Son varias las plantas afectadas y peligran m\u00e1s de mil puestos de trabajo<\/p>\n","protected":false},"author":5,"featured_media":0,"comment_status":"open","ping_status":"open","sticky":false,"template":"","format":"standard","meta":[],"categories":[42],"tags":[682,1419,3649,598,119],"_links":{"self":[{"href":"http:\/\/rurallascolonias.com.ar\/index.php?rest_route=\/wp\/v2\/posts\/13936"}],"collection":[{"href":"http:\/\/rurallascolonias.com.ar\/index.php?rest_route=\/wp\/v2\/posts"}],"about":[{"href":"http:\/\/rurallascolonias.com.ar\/index.php?rest_route=\/wp\/v2\/types\/post"}],"author":[{"embeddable":true,"href":"http:\/\/rurallascolonias.com.ar\/index.php?rest_route=\/wp\/v2\/users\/5"}],"replies":[{"embeddable":true,"href":"http:\/\/rurallascolonias.com.ar\/index.php?rest_route=%2Fwp%2Fv2%2Fcomments&post=13936"}],"version-history":[{"count":1,"href":"http:\/\/rurallascolonias.com.ar\/index.php?rest_route=\/wp\/v2\/posts\/13936\/revisions"}],"predecessor-version":[{"id":13937,"href":"http:\/\/rurallascolonias.com.ar\/index.php?rest_route=\/wp\/v2\/posts\/13936\/revisions\/13937"}],"wp:attachment":[{"href":"http:\/\/rurallascolonias.com.ar\/index.php?rest_route=%2Fwp%2Fv2%2Fmedia&parent=13936"}],"wp:term":[{"taxonomy":"category","embeddable":true,"href":"http:\/\/rurallascolonias.com.ar\/index.php?rest_route=%2Fwp%2Fv2%2Fcategories&post=13936"},{"taxonomy":"post_tag","embeddable":true,"href":"http:\/\/rurallascolonias.com.ar\/index.php?rest_route=%2Fwp%2Fv2%2Ftags&post=13936"}],"curies":[{"name":"wp","href":"https:\/\/api.w.org\/{rel}","templated":true}]}}