{"id":13922,"date":"2017-03-29T10:08:02","date_gmt":"2017-03-29T10:08:02","guid":{"rendered":"http:\/\/rurallascolonias.com.ar\/?p=13922"},"modified":"2017-03-29T14:14:11","modified_gmt":"2017-03-29T14:14:11","slug":"sancor-santa-fe-y-cordoba-trataran-la-situacion-de-la-cooperativa","status":"publish","type":"post","link":"http:\/\/rurallascolonias.com.ar\/?p=13922","title":{"rendered":"Sancor: Santa Fe y C\u00f3rdoba tratar\u00e1n la situaci\u00f3n de la cooperativa"},"content":{"rendered":"<p id=\"editor_p_17304304\" class=\"editor_copete\"><em><strong><a href=\"http:\/\/rurallascolonias.com.ar\/?attachment_id=5120\" rel=\"attachment wp-att-5120\"><img loading=\"lazy\" class=\"aligncenter size-full wp-image-5120\" src=\"http:\/\/rurallascolonias.com.ar\/wp-content\/uploads\/2014\/12\/SanCor-2.png\" alt=\"\" width=\"259\" height=\"194\" \/><\/a>El encuentro ser\u00e1 el pr\u00f3ximo jueves en la Legislatura santafesina y fue convocado por el ex gobernador de esa provincia, Antonio Bonfatti. Pedir\u00e1n proteger las fuentes de trabajo<\/strong><\/em><!--more--><\/p>\n<div class=\"plugin-rrss\"><\/div>\n<div id=\"editor_17304304\" class=\"editor_cuerpo\">\n<div align=\"justify\">Diputados santafesinos y cordobeses se reunir\u00e1n el pr\u00f3ximo jueves en Santa Fe para analizar la<em> \u00abgrave crisis por la que atraviesa la Cooperativa Argentina de Productores Lecheros Sancor\u00bb<\/em> para acordar y adoptar<em> \u00abmedidas para proteger las fuentes laborales amenazadas\u00bb.<\/em><\/div>\n<div align=\"justify\">\nEl encuentro, convocado por el presidente de la<strong> C\u00e1mara de Diputados de Santa Fe<\/strong>, el socialista <strong>Antonio Bonfatti,<\/strong> se realizar\u00e1 a las 11 en la Legislatura provincial y contempla como tema central <em>\u00abresguardar la fuente laboral y la actividad de todas las plantas de producci\u00f3n de Sancor\u00bb<\/em> en distintas ciudades de ambas provincias.<\/div>\n<div align=\"justify\">\nLa iniciativa de <strong>Bonfatti <\/strong>sigui\u00f3 a una declaraci\u00f3n el Cuerpo Legislativo en la que expres\u00f3<em> \u00absu preocupaci\u00f3n por la situaci\u00f3n que est\u00e1n atravesando los 4.000 trabajadores de la empresa l\u00e1ctea Sancor\u00bb.<\/em><\/div>\n<div align=\"justify\">\nLa declaraci\u00f3n, impulsada por el <strong>diputado justicialista<\/strong> <strong>Luis Daniel Rubeo<\/strong>, solicita que <em>\u00abel Gobierno Nacional adopte las medidas necesarias para proteger las fuentes laborales amenazadas\u00bb.<\/em><\/div>\n<div align=\"justify\">\nLuego afirma que al tomar conocimiento de <em>\u00abla decisi\u00f3n del personal directivo de Sancor de proceder al cierre de distintas plantas de producci\u00f3n, so pretexto de una crisis econ\u00f3mica y laboral\u00bb<\/em>, se solicita que \u00abse extremen los esfuerzos a los fines de resguardar los puestos de trabajo y la actividad productiva\u00bb.<\/div>\n<div align=\"justify\">\nEn relaci\u00f3n con la <em>\u00absituaci\u00f3n de crisis que se encuentra atravesando la empresa Sancor\u00bb,<\/em> se hace imprescindible el despliegue de las acciones y gestiones tendientes a<em> \u00abgarantizar la continuidad de esta importante fuente de trabajo, que constituye un pilar fundamental para el desarrollo econ\u00f3mico y social en la Provincia de Santa Fe\u00bb.<\/em><\/div>\n<div align=\"justify\">\nM\u00e1s adelante, se\u00f1ala que <em>\u00abSancor se encuentra en una profunda crisis y ha sido afectada su capacidad productiva y su desempe\u00f1o econ\u00f3mico\u00bb,<\/em> y acotan que<em> \u00abdesde el entorno del directorio de Sancor surgieron versiones se\u00f1alando que est\u00e1 en estudio su posible venta\u00bb, provocando \u00abprofundo malestar e incertidumbre entre los 3.987 trabajadores de la planta\u00bb.<\/em><\/div>\n<div align=\"justify\">\nEn funci\u00f3n de ello, expresan<em> \u00absu preocupaci\u00f3n\u00bb<\/em> y <em>\u00absolicitan al Gobierno Nacional que adopte las medidas necesarias para proteger las fuentes laborales amenazadas\u00bb<\/em>, ya que seg\u00fan manifestaron en pleno recinto los diputados y diputadas, oficialistas y de la oposici\u00f3n, <em>\u00abresulta imperioso llevar tranquilidad a los 3.987 trabajadores de la planta y sus familias\u00bb.<\/em><\/div>\n<div align=\"justify\">\n<strong>Fuente<\/strong>: Infocampo.com.ar<\/div>\n<\/div>\n","protected":false},"excerpt":{"rendered":"<p>El encuentro ser\u00e1 el pr\u00f3ximo jueves en la Legislatura santafesina y fue convocado por el ex gobernador de esa provincia, Antonio Bonfatti. Pedir\u00e1n proteger las fuentes de trabajo<\/p>\n","protected":false},"author":5,"featured_media":0,"comment_status":"open","ping_status":"open","sticky":false,"template":"","format":"standard","meta":[],"categories":[42],"tags":[118,3644,682,119],"_links":{"self":[{"href":"http:\/\/rurallascolonias.com.ar\/index.php?rest_route=\/wp\/v2\/posts\/13922"}],"collection":[{"href":"http:\/\/rurallascolonias.com.ar\/index.php?rest_route=\/wp\/v2\/posts"}],"about":[{"href":"http:\/\/rurallascolonias.com.ar\/index.php?rest_route=\/wp\/v2\/types\/post"}],"author":[{"embeddable":true,"href":"http:\/\/rurallascolonias.com.ar\/index.php?rest_route=\/wp\/v2\/users\/5"}],"replies":[{"embeddable":true,"href":"http:\/\/rurallascolonias.com.ar\/index.php?rest_route=%2Fwp%2Fv2%2Fcomments&post=13922"}],"version-history":[{"count":1,"href":"http:\/\/rurallascolonias.com.ar\/index.php?rest_route=\/wp\/v2\/posts\/13922\/revisions"}],"predecessor-version":[{"id":13923,"href":"http:\/\/rurallascolonias.com.ar\/index.php?rest_route=\/wp\/v2\/posts\/13922\/revisions\/13923"}],"wp:attachment":[{"href":"http:\/\/rurallascolonias.com.ar\/index.php?rest_route=%2Fwp%2Fv2%2Fmedia&parent=13922"}],"wp:term":[{"taxonomy":"category","embeddable":true,"href":"http:\/\/rurallascolonias.com.ar\/index.php?rest_route=%2Fwp%2Fv2%2Fcategories&post=13922"},{"taxonomy":"post_tag","embeddable":true,"href":"http:\/\/rurallascolonias.com.ar\/index.php?rest_route=%2Fwp%2Fv2%2Ftags&post=13922"}],"curies":[{"name":"wp","href":"https:\/\/api.w.org\/{rel}","templated":true}]}}