{"id":13849,"date":"2017-03-21T13:13:13","date_gmt":"2017-03-21T13:13:13","guid":{"rendered":"http:\/\/rurallascolonias.com.ar\/?p=13849"},"modified":"2017-03-21T13:13:13","modified_gmt":"2017-03-21T13:13:13","slug":"a-un-mes-de-la-vidriera-genetica-lechera","status":"publish","type":"post","link":"http:\/\/rurallascolonias.com.ar\/?p=13849","title":{"rendered":"A UN MES DE LA VIDRIERA GEN\u00c9TICA LECHERA"},"content":{"rendered":"<p><strong><em><a href=\"http:\/\/rurallascolonias.com.ar\/?attachment_id=13851\" rel=\"attachment wp-att-13851\"><img loading=\"lazy\" class=\"aligncenter size-full wp-image-13851\" src=\"http:\/\/rurallascolonias.com.ar\/wp-content\/uploads\/2017\/03\/IMG-20170320-WA0010.jpg\" alt=\"IMG-20170320-WA0010\" width=\"898\" height=\"1280\" srcset=\"http:\/\/rurallascolonias.com.ar\/wp-content\/uploads\/2017\/03\/IMG-20170320-WA0010.jpg 898w, http:\/\/rurallascolonias.com.ar\/wp-content\/uploads\/2017\/03\/IMG-20170320-WA0010-210x300.jpg 210w, http:\/\/rurallascolonias.com.ar\/wp-content\/uploads\/2017\/03\/IMG-20170320-WA0010-768x1095.jpg 768w, http:\/\/rurallascolonias.com.ar\/wp-content\/uploads\/2017\/03\/IMG-20170320-WA0010-718x1024.jpg 718w, http:\/\/rurallascolonias.com.ar\/wp-content\/uploads\/2017\/03\/IMG-20170320-WA0010-600x855.jpg 600w, http:\/\/rurallascolonias.com.ar\/wp-content\/uploads\/2017\/03\/IMG-20170320-WA0010-624x889.jpg 624w\" sizes=\"(max-width: 898px) 100vw, 898px\" \/><\/a>El pr\u00f3ximo 21 de Abril se realizar\u00e1 la und\u00e9cima edici\u00f3n de la Vidriera Gen\u00e9tica Lechera organizada por la Sociedad Rural de Las Colonias.\u00a0<\/em><\/strong><em><strong>Se desarrollar\u00e1 en el predio de la instituci\u00f3n ubicado a la vera de la Ruta Provincial N\u00b0 70, km 26<\/strong><\/em><\/p>\n","protected":false},"excerpt":{"rendered":"<p>El pr\u00f3ximo 21 de Abril se realizar\u00e1 la und\u00e9cima edici\u00f3n de la Vidriera Gen\u00e9tica Lechera organizada por la Sociedad Rural de Las Colonias.\u00a0Se desarrollar\u00e1 en el predio de la instituci\u00f3n ubicado a la vera de la Ruta Provincial N\u00b0 70, km 26<\/p>\n","protected":false},"author":5,"featured_media":0,"comment_status":"open","ping_status":"open","sticky":false,"template":"","format":"standard","meta":[],"categories":[29],"tags":[857],"_links":{"self":[{"href":"http:\/\/rurallascolonias.com.ar\/index.php?rest_route=\/wp\/v2\/posts\/13849"}],"collection":[{"href":"http:\/\/rurallascolonias.com.ar\/index.php?rest_route=\/wp\/v2\/posts"}],"about":[{"href":"http:\/\/rurallascolonias.com.ar\/index.php?rest_route=\/wp\/v2\/types\/post"}],"author":[{"embeddable":true,"href":"http:\/\/rurallascolonias.com.ar\/index.php?rest_route=\/wp\/v2\/users\/5"}],"replies":[{"embeddable":true,"href":"http:\/\/rurallascolonias.com.ar\/index.php?rest_route=%2Fwp%2Fv2%2Fcomments&post=13849"}],"version-history":[{"count":1,"href":"http:\/\/rurallascolonias.com.ar\/index.php?rest_route=\/wp\/v2\/posts\/13849\/revisions"}],"predecessor-version":[{"id":13852,"href":"http:\/\/rurallascolonias.com.ar\/index.php?rest_route=\/wp\/v2\/posts\/13849\/revisions\/13852"}],"wp:attachment":[{"href":"http:\/\/rurallascolonias.com.ar\/index.php?rest_route=%2Fwp%2Fv2%2Fmedia&parent=13849"}],"wp:term":[{"taxonomy":"category","embeddable":true,"href":"http:\/\/rurallascolonias.com.ar\/index.php?rest_route=%2Fwp%2Fv2%2Fcategories&post=13849"},{"taxonomy":"post_tag","embeddable":true,"href":"http:\/\/rurallascolonias.com.ar\/index.php?rest_route=%2Fwp%2Fv2%2Ftags&post=13849"}],"curies":[{"name":"wp","href":"https:\/\/api.w.org\/{rel}","templated":true}]}}