{"id":13691,"date":"2017-03-01T10:51:58","date_gmt":"2017-03-01T10:51:58","guid":{"rendered":"http:\/\/rurallascolonias.com.ar\/?p=13691"},"modified":"2017-03-01T12:55:41","modified_gmt":"2017-03-01T12:55:41","slug":"13691","status":"publish","type":"post","link":"http:\/\/rurallascolonias.com.ar\/?p=13691","title":{"rendered":"La Pampa: Por la ola de calor, alertan por la muerte de m\u00e1s de 200 animales"},"content":{"rendered":"<p><strong><em><a href=\"http:\/\/rurallascolonias.com.ar\/?attachment_id=13688\" rel=\"attachment wp-att-13688\"><img loading=\"lazy\" class=\"aligncenter size-full wp-image-13688\" src=\"http:\/\/rurallascolonias.com.ar\/wp-content\/uploads\/2017\/03\/animales-muertos.jpg\" alt=\"animales muertos\" width=\"271\" height=\"186\" \/><\/a>El director de la Mesa de Productores de Leche de Santa Fe (Meprolsafe), Marcelo Aimaro, advirti\u00f3 hoy que si contin\u00faa el actual ritmo en la ca\u00edda de la producci\u00f3n del sector \u201clas industrias van a tener que importar leche para poder seguir produciendo\u201d<\/em><\/strong><!--more--><\/p>\n<p>Aimaro dijo que \u201cla crisis actual es de las m\u00e1s importantes que tuvo el sector que primero afect\u00f3 a los productores, luego a la industria y muy pronto va a llegar a las g\u00f3ndolas\u201d.<\/p>\n<p>\u201cHoy en Santa Fe los productores est\u00e1n cobrando alrededor de 4,8 pesos por litro de leche y los consumidores la tienen a 25 pesos en la g\u00f3ndola, est\u00e1 bastante claro qui\u00e9nes son los m\u00e1s perjudicados en esto\u201d, destac\u00f3 en declaraciones radiales.<\/p>\n<p>Aimaro consider\u00f3 que \u201cla realidad es que en Santa Fe hay un 40 por ciento menos de leche, y si el ritmo de ca\u00edda sigue as\u00ed va a faltar leche para las industrias y van a terminar importando\u201d.<\/p>\n<p>\u201cAntes est\u00e1bamos exportando el 20 por ciento y hoy casi no vendemos nada porque se prioriza el mercado interno, pero con estos ritmos no se si va a quedar mucho\u201d, se\u00f1al\u00f3 el tambero.<\/p>\n<p>Para el directivo, \u201cse trata de un problema donde hay responsabilidad del Estado, que no da reglas claras ni regula el sector comercial e industrial, que siempre domin\u00f3 a los productores, y quiz\u00e1s los tamberos que no han sabido cambiar la historia\u201d.<\/p>\n<p>El dirigente confirm\u00f3 que este jueves mantendr\u00e1n una reuni\u00f3n con autoridades nacionales en la sede del Ministerio de Agroindustria para \u201cavanzar en todas estas problem\u00e1ticas\u201d.<\/p>\n<p>T\u00e9lam Agropecuario<\/p>\n","protected":false},"excerpt":{"rendered":"<p>El director de la Mesa de Productores de Leche de Santa Fe (Meprolsafe), Marcelo Aimaro, advirti\u00f3 hoy que si contin\u00faa el actual ritmo en la ca\u00edda de la producci\u00f3n del sector \u201clas industrias van a tener que importar leche para poder seguir produciendo\u201d<\/p>\n","protected":false},"author":5,"featured_media":0,"comment_status":"open","ping_status":"open","sticky":false,"template":"","format":"standard","meta":[],"categories":[14],"tags":[3592,1960,141],"_links":{"self":[{"href":"http:\/\/rurallascolonias.com.ar\/index.php?rest_route=\/wp\/v2\/posts\/13691"}],"collection":[{"href":"http:\/\/rurallascolonias.com.ar\/index.php?rest_route=\/wp\/v2\/posts"}],"about":[{"href":"http:\/\/rurallascolonias.com.ar\/index.php?rest_route=\/wp\/v2\/types\/post"}],"author":[{"embeddable":true,"href":"http:\/\/rurallascolonias.com.ar\/index.php?rest_route=\/wp\/v2\/users\/5"}],"replies":[{"embeddable":true,"href":"http:\/\/rurallascolonias.com.ar\/index.php?rest_route=%2Fwp%2Fv2%2Fcomments&post=13691"}],"version-history":[{"count":2,"href":"http:\/\/rurallascolonias.com.ar\/index.php?rest_route=\/wp\/v2\/posts\/13691\/revisions"}],"predecessor-version":[{"id":13693,"href":"http:\/\/rurallascolonias.com.ar\/index.php?rest_route=\/wp\/v2\/posts\/13691\/revisions\/13693"}],"wp:attachment":[{"href":"http:\/\/rurallascolonias.com.ar\/index.php?rest_route=%2Fwp%2Fv2%2Fmedia&parent=13691"}],"wp:term":[{"taxonomy":"category","embeddable":true,"href":"http:\/\/rurallascolonias.com.ar\/index.php?rest_route=%2Fwp%2Fv2%2Fcategories&post=13691"},{"taxonomy":"post_tag","embeddable":true,"href":"http:\/\/rurallascolonias.com.ar\/index.php?rest_route=%2Fwp%2Fv2%2Ftags&post=13691"}],"curies":[{"name":"wp","href":"https:\/\/api.w.org\/{rel}","templated":true}]}}