{"id":13674,"date":"2017-02-28T23:28:54","date_gmt":"2017-02-28T23:28:54","guid":{"rendered":"http:\/\/rurallascolonias.com.ar\/?p=13674"},"modified":"2017-02-28T23:28:54","modified_gmt":"2017-02-28T23:28:54","slug":"sancor-y-la-serenisima-cierran-plantas-en-cordoba-y-en-santa-fe","status":"publish","type":"post","link":"http:\/\/rurallascolonias.com.ar\/?p=13674","title":{"rendered":"SanCor y La Seren\u00edsima cierran plantas en C\u00f3rdoba y en Santa Fe"},"content":{"rendered":"<p><strong><em><a href=\"http:\/\/rurallascolonias.com.ar\/?attachment_id=13675\" rel=\"attachment wp-att-13675\"><img loading=\"lazy\" class=\"aligncenter size-full wp-image-13675\" src=\"http:\/\/rurallascolonias.com.ar\/wp-content\/uploads\/2017\/02\/SanCor-y-La-Serenisima-cierran-plantas-en-Cordoba-y-en-Santa-Fe-300x300.jpg\" alt=\"SanCor-y-La-Serenisima-cierran-plantas-en-Cordoba-y-en-Santa-Fe-300x300\" width=\"300\" height=\"300\" srcset=\"http:\/\/rurallascolonias.com.ar\/wp-content\/uploads\/2017\/02\/SanCor-y-La-Serenisima-cierran-plantas-en-Cordoba-y-en-Santa-Fe-300x300.jpg 300w, http:\/\/rurallascolonias.com.ar\/wp-content\/uploads\/2017\/02\/SanCor-y-La-Serenisima-cierran-plantas-en-Cordoba-y-en-Santa-Fe-300x300-150x150.jpg 150w\" sizes=\"(max-width: 300px) 100vw, 300px\" \/><\/a>En una in\u00e9dita crisis del sector lechero Sancor y La Seren\u00edsima cierran plantas de producci\u00f3n y profundizan una situaci\u00f3n que ahora contagia al eslab\u00f3n industrial de la cadena lechera<\/em><\/strong><!--more--><\/p>\n<p>La Seren\u00edsima cierra planta en Santa Fe<\/p>\n<p>La Seren\u00edsima anunci\u00f3 que el 31 de julio cerrar\u00e1 su planta clasificadora de la ciudad santafesina de Rufino debido a que no recibe la cantidad de leche suficiente para que el funcionamiento de la misma pueda ser sustentable.<\/p>\n<p>\u201cLamentablemente, durante los \u00faltimos a\u00f1os, la conjunci\u00f3n de varios factores provoc\u00f3 una importante ca\u00edda en la producci\u00f3n nacional, afectando el nivel de actividad de todo el sector en general y de nuestra empresa en particular\u201d, apunt\u00f3 la compa\u00f1\u00eda en un comunicado.<\/p>\n<p>Entre los factores que provocaron la ca\u00edda en la recepci\u00f3n de leche, Mastellone Hermanos cit\u00f3 un \u201cestancamiento\u201d de 20 a\u00f1os en la producci\u00f3n lechera que llev\u00f3 a que el a\u00f1o pasado Argentina produjera 9.500 millones de litros, una cifra menor a la de 1998; el impacto de empresas que operan en la marginalidad a las que, seg\u00fan la empresa, en los \u00faltimos 7 a\u00f1os fue casi un 50% de la leche que dej\u00f3 de recibir la planta de La Seren\u00edsima en Rufino; y la adversidad clim\u00e1tica, que redujo la cantidad de tambos remitentes.<\/p>\n<p>\u201cComo consecuencia de ello, la planta no est\u00e1 en condiciones de procesar la cantidad m\u00ednima de leche para ser sustentable operativamente\u201d, afirm\u00f3 Mastellone.<br \/>\nAl personal otra la planta, le est\u00e1n ofreciendo \u201cla posibilidad de traslado a otros establecimientos de la compa\u00f1\u00eda, entre otras alternativas\u201d.<\/p>\n<p>SanCor en Brinkmann y en Morteros ante un posible cierre<\/p>\n<p>La Municipalidad de Brinkmann le propuso a SanCor mudar al Parque Industrial Regional del Noreste la planta que la cooperativa tiene en pleno casco urbano de esa localidad y en la que trabajan alrededor de 120 personas. La oferta surgi\u00f3 en medio de un encuentro propiciado por el Ministerio de Industria, en el que participaron autoridades de la empresa l\u00e1ctea, el intendente de Brinkmann, Gustavo Tevez, y funcionarios provinciales, en medio de las versiones que circularon en los \u00faltimos d\u00edas acerca de un eventual cierre de la planta.<\/p>\n<p>El ofrecimiento oficial es una apuesta para atenuar el proceso de reestructuraci\u00f3n que atraviesa esa unidad industrial de SanCor, que a la vez experimenta una crisis general, con p\u00e9rdidas alarman?tes en sus estados contables.<\/p>\n<p>Lo que estar\u00eda pr\u00e1cticamente decidido es mantener por un tiempo las instalaciones de Brinkmann s\u00f3lo para la maduraci\u00f3n de quesos, aunque irremediablemente se marcha hacia el cierre, seg\u00fan lo que se especula, ya que esa unidad tiene un alto d\u00e9ficit de productividad. En cuanto al tratamiento de fluidos, se llevar\u00e1 a la planta de Morteros.<\/p>\n<p>http:\/\/www.mundoempresarial.com.ar<\/p>\n","protected":false},"excerpt":{"rendered":"<p>En una in\u00e9dita crisis del sector lechero Sancor y La Seren\u00edsima cierran plantas de producci\u00f3n y profundizan una situaci\u00f3n que ahora contagia al eslab\u00f3n industrial de la cadena lechera<\/p>\n","protected":false},"author":5,"featured_media":0,"comment_status":"open","ping_status":"open","sticky":false,"template":"","format":"standard","meta":[],"categories":[42,46],"tags":[3589,682,487,631,598,119],"_links":{"self":[{"href":"http:\/\/rurallascolonias.com.ar\/index.php?rest_route=\/wp\/v2\/posts\/13674"}],"collection":[{"href":"http:\/\/rurallascolonias.com.ar\/index.php?rest_route=\/wp\/v2\/posts"}],"about":[{"href":"http:\/\/rurallascolonias.com.ar\/index.php?rest_route=\/wp\/v2\/types\/post"}],"author":[{"embeddable":true,"href":"http:\/\/rurallascolonias.com.ar\/index.php?rest_route=\/wp\/v2\/users\/5"}],"replies":[{"embeddable":true,"href":"http:\/\/rurallascolonias.com.ar\/index.php?rest_route=%2Fwp%2Fv2%2Fcomments&post=13674"}],"version-history":[{"count":1,"href":"http:\/\/rurallascolonias.com.ar\/index.php?rest_route=\/wp\/v2\/posts\/13674\/revisions"}],"predecessor-version":[{"id":13676,"href":"http:\/\/rurallascolonias.com.ar\/index.php?rest_route=\/wp\/v2\/posts\/13674\/revisions\/13676"}],"wp:attachment":[{"href":"http:\/\/rurallascolonias.com.ar\/index.php?rest_route=%2Fwp%2Fv2%2Fmedia&parent=13674"}],"wp:term":[{"taxonomy":"category","embeddable":true,"href":"http:\/\/rurallascolonias.com.ar\/index.php?rest_route=%2Fwp%2Fv2%2Fcategories&post=13674"},{"taxonomy":"post_tag","embeddable":true,"href":"http:\/\/rurallascolonias.com.ar\/index.php?rest_route=%2Fwp%2Fv2%2Ftags&post=13674"}],"curies":[{"name":"wp","href":"https:\/\/api.w.org\/{rel}","templated":true}]}}