{"id":13659,"date":"2017-02-24T16:51:36","date_gmt":"2017-02-24T16:51:36","guid":{"rendered":"http:\/\/rurallascolonias.com.ar\/?p=13659"},"modified":"2017-02-24T16:51:36","modified_gmt":"2017-02-24T16:51:36","slug":"manfrey-el-producto-que-menos-se-va-a-fabricar-es-la-leche-en-polvo","status":"publish","type":"post","link":"http:\/\/rurallascolonias.com.ar\/?p=13659","title":{"rendered":"Manfrey: \u201cel producto que menos se va a fabricar es la leche en polvo\u201d"},"content":{"rendered":"<p><strong><em><a href=\"http:\/\/rurallascolonias.com.ar\/?attachment_id=13660\" rel=\"attachment wp-att-13660\"><img loading=\"lazy\" class=\"alignleft size-full wp-image-13660\" src=\"http:\/\/rurallascolonias.com.ar\/wp-content\/uploads\/2017\/02\/Manfrey-300x300.jpg\" alt=\"Manfrey-300x300\" width=\"300\" height=\"300\" srcset=\"http:\/\/rurallascolonias.com.ar\/wp-content\/uploads\/2017\/02\/Manfrey-300x300.jpg 300w, http:\/\/rurallascolonias.com.ar\/wp-content\/uploads\/2017\/02\/Manfrey-300x300-150x150.jpg 150w\" sizes=\"(max-width: 300px) 100vw, 300px\" \/><\/a>M\u00e1s efectos del impacto industrial que generaron las recientes inundaciones en los tambos de la zona<\/em><\/strong><!--more--><\/p>\n<p>El presidente de la firma l\u00e1ctea Manfrey Cooperativa de Tamberos Ltda, \u00c9rcole Felippa, analiz\u00f3 el impacto productivo e industrial que generaron las recientes inundaciones en los tambos de la zona.<\/p>\n<p>\u201cCon respecto a igual per\u00edodo del a\u00f1o anterior, estamos en 14% menos de producci\u00f3n de leche\u201d, expres\u00f3 Felippa.<\/p>\n<p>\u201cHay tambos que a\u00fan cuentan con agua en sus establecimientos, lo que los oblig\u00f3 a trasladarse a otras zonas y a otros, tomar la estricta decisi\u00f3n de abandonar la actividad\u201d, puntualiz\u00f3 el empresario l\u00e1cteo.<\/p>\n<p>\u201cA esto se suman las dificultades que hubo y que seguimos teniendo con la recolecci\u00f3n de la leche. La red de caminos est\u00e1 totalmente destruida y es un problema muy serio, por el cual estamos haciendo gestiones ante los distintos estamentos de gobierno, para encontrar una soluci\u00f3n\u201d.<\/p>\n<p>Felippa record\u00f3 que Manfrey se abastece de leche producida en 135 tambos de la zona y que el hecho de contar con mermas en la producci\u00f3n, hace que \u201ctengamos que adaptar las estructuras al menor volumen\u201d.<\/p>\n<p>\u201cAfortunadamente manejamos un volumen de terceros que amortiguan esta baja, pero la actividad industrial est\u00e1 directamente afectada porque la estructura est\u00e1 armada para ese volumen, lo cual nos genera un problema serio que hace que el sector pierda competitividad\u201d, reflexion\u00f3.<\/p>\n<p>Exportaciones afectadas<\/p>\n<p>En cuanto al impacto directo al sector industrial, Felippa se\u00f1al\u00f3 que \u201ca futuro se va a reducir considerablemente el nivel del volumen exportado, por lo queel producto que menos se va a fabricar es la leche en polvo\u201d.<\/p>\n<p>En lo que hace a los env\u00edos al exterior de la empresa l\u00e1ctea, su presidente precis\u00f3 que el a\u00f1o pasado el nivel de exportaciones alcanz\u00f3 el 7%, siendo la mitad de los env\u00edos de leche en polvo y los principales compradores Brasil y Chile.<\/p>\n<p>\u201cEste es un tema m\u00e1s dentro del complejo escenario que vive la industria l\u00e1ctea. El hecho de que falte leche hace que los costos estructurales sean m\u00e1s altos y que a futuro tengamos que ajustar esa estructura a los nuevos vol\u00famenes\u201d, analiz\u00f3 Felippa.<\/p>\n<p>\u201cHoy hay mayor competencia entre industrias en lo que hace a la compra de materia prima, la cual que tiene impacto directo en los precios y si eso no se refleja en el mercado, indudablemente termina teniendo su impacto negativo para la industria y la producci\u00f3n\u201d, asever\u00f3.<\/p>\n<p>No obstante, el presidente de Manfrey admiti\u00f3 que la situaci\u00f3n de la empresa es normal, tanto en el cumplimiento de pagos a productores como al personal de la planta l\u00e1ctea.<\/p>\n<p>http:\/\/www.lavozdesanjusto.com.ar<\/p>\n","protected":false},"excerpt":{"rendered":"<p>M\u00e1s efectos del impacto industrial que generaron las recientes inundaciones en los tambos de la zona<\/p>\n","protected":false},"author":5,"featured_media":0,"comment_status":"open","ping_status":"open","sticky":false,"template":"","format":"standard","meta":[],"categories":[46],"tags":[47,3586,2932],"_links":{"self":[{"href":"http:\/\/rurallascolonias.com.ar\/index.php?rest_route=\/wp\/v2\/posts\/13659"}],"collection":[{"href":"http:\/\/rurallascolonias.com.ar\/index.php?rest_route=\/wp\/v2\/posts"}],"about":[{"href":"http:\/\/rurallascolonias.com.ar\/index.php?rest_route=\/wp\/v2\/types\/post"}],"author":[{"embeddable":true,"href":"http:\/\/rurallascolonias.com.ar\/index.php?rest_route=\/wp\/v2\/users\/5"}],"replies":[{"embeddable":true,"href":"http:\/\/rurallascolonias.com.ar\/index.php?rest_route=%2Fwp%2Fv2%2Fcomments&post=13659"}],"version-history":[{"count":1,"href":"http:\/\/rurallascolonias.com.ar\/index.php?rest_route=\/wp\/v2\/posts\/13659\/revisions"}],"predecessor-version":[{"id":13661,"href":"http:\/\/rurallascolonias.com.ar\/index.php?rest_route=\/wp\/v2\/posts\/13659\/revisions\/13661"}],"wp:attachment":[{"href":"http:\/\/rurallascolonias.com.ar\/index.php?rest_route=%2Fwp%2Fv2%2Fmedia&parent=13659"}],"wp:term":[{"taxonomy":"category","embeddable":true,"href":"http:\/\/rurallascolonias.com.ar\/index.php?rest_route=%2Fwp%2Fv2%2Fcategories&post=13659"},{"taxonomy":"post_tag","embeddable":true,"href":"http:\/\/rurallascolonias.com.ar\/index.php?rest_route=%2Fwp%2Fv2%2Ftags&post=13659"}],"curies":[{"name":"wp","href":"https:\/\/api.w.org\/{rel}","templated":true}]}}