{"id":13573,"date":"2017-02-17T13:03:25","date_gmt":"2017-02-17T13:03:25","guid":{"rendered":"http:\/\/rurallascolonias.com.ar\/?p=13573"},"modified":"2017-02-17T13:06:22","modified_gmt":"2017-02-17T13:06:22","slug":"reunion-entre-ministros-y-senadores-para-asistir-al-sector-tambero","status":"publish","type":"post","link":"http:\/\/rurallascolonias.com.ar\/?p=13573","title":{"rendered":"Reuni\u00f3n entre ministros y senadores para asistir al sector tambero"},"content":{"rendered":"<p><em><strong><a href=\"http:\/\/rurallascolonias.com.ar\/?attachment_id=13575\" rel=\"attachment wp-att-13575\"><img loading=\"lazy\" class=\"aligncenter size-full wp-image-13575\" src=\"http:\/\/rurallascolonias.com.ar\/wp-content\/uploads\/2017\/02\/Agro-6-660x330.jpg\" alt=\"Agro-6-660x330\" width=\"660\" height=\"330\" srcset=\"http:\/\/rurallascolonias.com.ar\/wp-content\/uploads\/2017\/02\/Agro-6-660x330.jpg 660w, http:\/\/rurallascolonias.com.ar\/wp-content\/uploads\/2017\/02\/Agro-6-660x330-300x150.jpg 300w, http:\/\/rurallascolonias.com.ar\/wp-content\/uploads\/2017\/02\/Agro-6-660x330-600x300.jpg 600w, http:\/\/rurallascolonias.com.ar\/wp-content\/uploads\/2017\/02\/Agro-6-660x330-624x312.jpg 624w\" sizes=\"(max-width: 660px) 100vw, 660px\" \/><\/a>Los ministros de la Producci\u00f3n, Luis Contigiani y de Econom\u00eda, Gonzalo Saglione brindaron detalles a senadores sobre la creaci\u00f3n de un Fondo de Inversi\u00f3n que tendr\u00e1 como objetivo aportar el desarrollo productivo en la provincia, principalmente brindar beneficios al sector tambero frente a la situaci\u00f3n h\u00eddrica<\/strong><\/em><!--more--><\/p>\n<p>La reuni\u00f3n de los ministros de la Producci\u00f3n, Luis Contigiani y de Econom\u00eda, Gonzalo Saglione con senadores del Frente Progresista fue encabezada por el Presidente del Senado y Vicegobernador de Santa Fe, Carlos Fascendini y participaron los senadores Felipe Michlig, Rodrigo Borla, Germ\u00e1n Giacomino, Lisandro Enrico, Hugo Rasetto, Emilio Jat\u00f3n y Miguel Capiello.<\/p>\n<p>La intenci\u00f3n es un r\u00e1pido tratamiento en la Legislatura para asistir a alrededor de 1300 tambos principalmente del departamento Castellanos, pero tambi\u00e9n de Las Colonias y San Crist\u00f3bal, que est\u00e1n en una situaci\u00f3n de quebranto y que no pueden acceder al sistema financiero tradicional.<\/p>\n<p>Los ministros asimismo se reunieron con integrantes del bloque del Partido Justicialista para brindar detalles del Fondo de Inversi\u00f3n.<\/p>\n<p>Fuente: Prensa Comunicaci\u00f3n Vicegobernaci\u00f3n<\/p>\n","protected":false},"excerpt":{"rendered":"<p>Los ministros de la Producci\u00f3n, Luis Contigiani y de Econom\u00eda, Gonzalo Saglione brindaron detalles a senadores sobre la creaci\u00f3n de un Fondo de Inversi\u00f3n que tendr\u00e1 como objetivo aportar el desarrollo productivo en la provincia, principalmente brindar beneficios al sector tambero frente a la situaci\u00f3n h\u00eddrica<\/p>\n","protected":false},"author":5,"featured_media":0,"comment_status":"open","ping_status":"open","sticky":false,"template":"","format":"standard","meta":[],"categories":[14],"tags":[3564,3565,74,2876,2972,1777],"_links":{"self":[{"href":"http:\/\/rurallascolonias.com.ar\/index.php?rest_route=\/wp\/v2\/posts\/13573"}],"collection":[{"href":"http:\/\/rurallascolonias.com.ar\/index.php?rest_route=\/wp\/v2\/posts"}],"about":[{"href":"http:\/\/rurallascolonias.com.ar\/index.php?rest_route=\/wp\/v2\/types\/post"}],"author":[{"embeddable":true,"href":"http:\/\/rurallascolonias.com.ar\/index.php?rest_route=\/wp\/v2\/users\/5"}],"replies":[{"embeddable":true,"href":"http:\/\/rurallascolonias.com.ar\/index.php?rest_route=%2Fwp%2Fv2%2Fcomments&post=13573"}],"version-history":[{"count":2,"href":"http:\/\/rurallascolonias.com.ar\/index.php?rest_route=\/wp\/v2\/posts\/13573\/revisions"}],"predecessor-version":[{"id":13576,"href":"http:\/\/rurallascolonias.com.ar\/index.php?rest_route=\/wp\/v2\/posts\/13573\/revisions\/13576"}],"wp:attachment":[{"href":"http:\/\/rurallascolonias.com.ar\/index.php?rest_route=%2Fwp%2Fv2%2Fmedia&parent=13573"}],"wp:term":[{"taxonomy":"category","embeddable":true,"href":"http:\/\/rurallascolonias.com.ar\/index.php?rest_route=%2Fwp%2Fv2%2Fcategories&post=13573"},{"taxonomy":"post_tag","embeddable":true,"href":"http:\/\/rurallascolonias.com.ar\/index.php?rest_route=%2Fwp%2Fv2%2Ftags&post=13573"}],"curies":[{"name":"wp","href":"https:\/\/api.w.org\/{rel}","templated":true}]}}