{"id":13570,"date":"2017-02-17T12:59:55","date_gmt":"2017-02-17T12:59:55","guid":{"rendered":"http:\/\/rurallascolonias.com.ar\/?p=13570"},"modified":"2017-02-17T12:59:55","modified_gmt":"2017-02-17T12:59:55","slug":"inundaciones-anunciaron-asistencia-a-tamberos-obras-y-nuevas-leyes","status":"publish","type":"post","link":"http:\/\/rurallascolonias.com.ar\/?p=13570","title":{"rendered":"Inundaciones: anunciaron asistencia a tamberos, obras y nuevas leyes"},"content":{"rendered":"<p><em><strong><a href=\"http:\/\/rurallascolonias.com.ar\/?attachment_id=13571\" rel=\"attachment wp-att-13571\"><img loading=\"lazy\" class=\"aligncenter size-full wp-image-13571\" src=\"http:\/\/rurallascolonias.com.ar\/wp-content\/uploads\/2017\/02\/inundaciones-3.jpg\" alt=\"inundaciones\" width=\"276\" height=\"183\" \/><\/a>Hoy, ingresa a la Legislatura un proyecto de ley para constituir en un Fondo por 400 millones que garantice ayuda directa a productores. Promover\u00e1n la ley del Agua y, junto a C\u00f3rdoba, una ley de Arrendamiento. Adem\u00e1s, revisar\u00e1n la normativa sobre comit\u00e9s de cuencas<\/strong><\/em><!--more--><\/p>\n<p>Con la presencia de pr\u00e1cticamente todo su gabinete y con varios legisladores de la oposici\u00f3n como invitados, el gobernador Miguel Lifschitz anunci\u00f3 ayer una bater\u00eda de medidas de corto y mediano plazo con las que se pretende mitigar el impacto de la crisis h\u00eddrica, que ha vuelto a castigar a los sectores m\u00e1s productivos de la provincia.<\/p>\n<p>Una de las decisiones m\u00e1s relevantes es la constituci\u00f3n de un fondo para asistir financieramente a los productores tamberos, para lo cual hoy mismo el Poder Ejecutivo enviar\u00e1 un proyecto de ley a la Legislatura. En rigor, se trata de un Fondo de 400 millones de pesos, de los cuales m\u00e1s de la mitad -250 millones- ser\u00e1n \u201cprestados\u201d por el gobierno nacional.<\/p>\n<p>\u201cPara el sector tambero -dijo el gobernador-, hemos propuesto la conformaci\u00f3n de un fondo de asistencia directa, que denominamos de Inversi\u00f3n y Desarrollo, para asistir a alrededor de 1.300 tambos que tenemos relevados principalmente del departamento Castellanos, pero tambi\u00e9n de Las Colonias y San Crist\u00f3bal, y que est\u00e1n en una situaci\u00f3n de quebranto sin posibilidades de acceder al sistema financiero tradicional. A ellos -precis\u00f3- no hay otra forma de asistirlos que de manera directa\u201d.<\/p>\n<p>El mandatario reclam\u00f3 a los legisladores un \u201ctratamiento y sanci\u00f3n r\u00e1pida\u201d de la iniciativa para poder llegar con la asistencia a los productores lo antes posible. Seg\u00fan dijo, la provincia aportar\u00e1 150 millones y el resto, ser\u00e1n enviados por el gobierno nacional en calidad de pr\u00e9stamo, y deber\u00e1n ser devueltos en un per\u00edodo de entre 18 y 24 meses.<\/p>\n<h2>Obras<\/h2>\n<p>Lifschitz anunci\u00f3 un plan de obras en seis cuencas de la provincia, pero tambi\u00e9n all\u00ed el financiamiento depende de la voluntad del gobierno nacional. El mandatario dijo que el tema ya fue conversado con los funcionarios de la administraci\u00f3n, y aclar\u00f3 que hoy mismo insistir\u00eda con ello en la reuni\u00f3n que ten\u00eda previsto mantener con el ministro del Interior, Rogelio Frigerio, en horas del mediod\u00eda.<\/p>\n<p>\u201cEstamos hablando -enumer\u00f3- de la construcci\u00f3n de la Estaci\u00f3n de Bombeo Norte en la laguna La Picasa, en el departamento General L\u00f3pez; de la modificaci\u00f3n de la estructura del puente sobre en canal Constituci\u00f3n en la Ruta Provincial N\u00ba 21 y del terrapl\u00e9n de defensa en el barrio Los Ciruelos; de la readecuaci\u00f3n del arroyo, en el departamento Constituci\u00f3n; del canal Trasvasador en Arequito, departamento Caseros; de la adecuaci\u00f3n del arroyo Colastin\u00e9, tercera y cuarta etapa, aguas abajo de la autopista, en el departamento San Jer\u00f3nimo; la readecuaci\u00f3n del Canal Vila Culul\u00fa, en el departamento Castellanos, y del canal Trasvasador Oliveros, en el departamento Iriondo\u201d.<\/p>\n<p>Adem\u00e1s, adelant\u00f3 que decidieron financiar la actualizaci\u00f3n y renovaci\u00f3n de equipamiento vial para los comit\u00e9s de cuenta \u201chasta el 70% del valor de las m\u00e1quinas, con el fin de que r\u00e1pidamente cuenten con equipamiento nuevo a fin de ejecutar de manera m\u00e1s r\u00e1pida y efectiva las tareas de mantenimiento que realizan\u201d.<\/p>\n<h2>Especialistas<\/h2>\n<p>Otro de los anuncios formulados por el gobernador fue la creaci\u00f3n de un Consejo Provincial de Asuntos H\u00eddricos, Ambientales y Productivos; y de una comisi\u00f3n de expertos sobre estos temas. \u201cPretendemos convocar a los especialistas m\u00e1s importantes de la provincia y del pa\u00eds, para que nos ayuden a analizar las perspectivas del cambio clim\u00e1tico y los impactos que puede tener sobre nuestra realidad en los pr\u00f3ximos a\u00f1os\u201d.<\/p>\n<p>Al respecto, anticip\u00f3 la realizaci\u00f3n de una jornada denominada \u201cSanta Fe, ante el desaf\u00edo clim\u00e1tico y productivo\u201d, que se realizar\u00e1 el pr\u00f3ximo 3 de marzo en Rosario, y donde estar\u00e1n invitadas todas las instituciones que puedan hacer un aporte sobre estas tem\u00e1ticas.<\/p>\n<h2>M\u00e1s medidas<\/h2>\n<p>Lifschitz dijo que \u201cse han acelerado los plazos para la elaboraci\u00f3n de los planes directores de las siete macrocuencas que tiene la provincia de Santa Fe, porque intervenir sobre los problemas h\u00eddricos requiere una planificaci\u00f3n de las cuencas que son realidades geogr\u00e1ficas que exceden los l\u00edmites pol\u00edticos de los departamentos, de las comunas y, aun a veces, de las provincias\u201d.<\/p>\n<p>Tambi\u00e9n, mencion\u00f3 la ejecuci\u00f3n de un conjunto de obras ya previstas y acordadas en los comit\u00e9s de cuencas, que se har\u00e1n de manera inmediata. \u201cTodas las obras que ya ven\u00edan en marcha, estamos acelerando los plazos y buscando mecanismos m\u00e1s efectivos para ejecutarlas en el menor tiempo posible -sostuvo-. Estamos implementando un plan de recuperaci\u00f3n de caminos comunales en todos los departamentos afectados con aporte de dinero y de materiales para poder r\u00e1pidamente recuperar la transitabilidad de los caminos rurales y estableciendo al mismo tiempo, un programa de mediano plazo para que este esfuerzo de la coyuntura se pueda sostener en el tiempo\u201d, concluy\u00f3.<\/p>\n<h2>Leyes pendientes<\/h2>\n<p>El gobernador ratific\u00f3 la decisi\u00f3n de avanzar en la redacci\u00f3n, tratamiento y sanci\u00f3n de una Ley de Agua, ya que Santa Fe, dijo, \u201ces la \u00fanica provincia argentina\u201d que no la posee. \u201cEs un d\u00e9ficit que tenemos y debemos resolverlo r\u00e1pidamente\u201d, sentenci\u00f3. Por eso, dijo que se encomend\u00f3 a la Facultad de Ciencias H\u00eddricas de la UNL recopilar los proyectos que fueron elaborados sobre la tem\u00e1tica durante los \u00faltimos a\u00f1os, para poder avanzar en una propuesta definitiva. En la misma l\u00ednea, anunci\u00f3 una \u201crevisi\u00f3n\u201d de la actual Ley de Cuencas, para modernizarla y adaptarla a la nueva Ley de Aguas.<\/p>\n<p>En otro orden, mencion\u00f3 el proyecto de Ley del \u00c1rbol que est\u00e1 destinado \u201ca promover la reforestaci\u00f3n de los territorios, con exigencias para el sector p\u00fablico y para los propietarios privados de tierras, porque este tema es una prioridad desde el punto de vista del control de las inundaciones\u201d.<\/p>\n<p>Adem\u00e1s, se refiri\u00f3 a la importancia de la Ley de Suelo y consider\u00f3 importante volver a ponerla en valor. \u201cLa estamos analizando para ver si podemos, sobre la base de la misma ley, hacer algunas modificaciones y contar con herramientas que promuevan un adecuado y correcto uso del suelo por parte de los productores; que promueva y estimule las buenas pr\u00e1cticas, como la rotaci\u00f3n de cultivos, la ganader\u00eda y la existencia de los tambos\u201d, mencion\u00f3.<\/p>\n<p>Finalmente, habl\u00f3 de la promoci\u00f3n de una Ley de Comit\u00e9s Hidroviales para las macrocuencas h\u00eddricas; y de una Ley de Arrendamiento, que se est\u00e1 trabajando con C\u00f3rdoba \u201cpara que se exija a quienes alquilan suelos productivos determinadas cuestiones de preservaci\u00f3n y cuidado de los suelos, y una propuesta de seguros multirriesgo para el sector agropecuario que puede ser una soluci\u00f3n a mediano y largo plazo\u201d.<\/p>\n<p>\u201d Santa Fe es la \u00fanica provincia del pa\u00eds que no cuenta con una ley de Agua. Esto es un d\u00e9ficit que debemos resolver r\u00e1pidamente\u201d.<br \/>\nMiguel Lifschitz, Gobernador<\/p>\n<p>Presentes<br \/>\nEscucharon el anuncio, adem\u00e1s de un nutrido grupo de funcionarios, los senadores provinciales Guillermo Cornaglia, Alcides Calvo, Ricardo Kaufmann, Hugo Rasetto, Emilio Jat\u00f3n, Felipe Michlig, Rodrigo Borla y Armando Traferri.<\/p>\n<p>90 industrias<br \/>\nfueron relevadas en la zona afectada por las inundaciones. Ayer, tambi\u00e9n se anunci\u00f3 asistencia financiera para el sector.<\/p>\n<p>http:\/\/www.ellitoral.com<\/p>\n","protected":false},"excerpt":{"rendered":"<p>Hoy, ingresa a la Legislatura un proyecto de ley para constituir en un Fondo por 400 millones que garantice ayuda directa a productores. Promover\u00e1n la ley del Agua y, junto a C\u00f3rdoba, una ley de Arrendamiento. Adem\u00e1s, revisar\u00e1n la normativa sobre comit\u00e9s de cuencas<\/p>\n","protected":false},"author":5,"featured_media":0,"comment_status":"open","ping_status":"open","sticky":false,"template":"","format":"standard","meta":[],"categories":[14,33,1393],"tags":[3562,913,523,31,3563,2215,227],"_links":{"self":[{"href":"http:\/\/rurallascolonias.com.ar\/index.php?rest_route=\/wp\/v2\/posts\/13570"}],"collection":[{"href":"http:\/\/rurallascolonias.com.ar\/index.php?rest_route=\/wp\/v2\/posts"}],"about":[{"href":"http:\/\/rurallascolonias.com.ar\/index.php?rest_route=\/wp\/v2\/types\/post"}],"author":[{"embeddable":true,"href":"http:\/\/rurallascolonias.com.ar\/index.php?rest_route=\/wp\/v2\/users\/5"}],"replies":[{"embeddable":true,"href":"http:\/\/rurallascolonias.com.ar\/index.php?rest_route=%2Fwp%2Fv2%2Fcomments&post=13570"}],"version-history":[{"count":1,"href":"http:\/\/rurallascolonias.com.ar\/index.php?rest_route=\/wp\/v2\/posts\/13570\/revisions"}],"predecessor-version":[{"id":13572,"href":"http:\/\/rurallascolonias.com.ar\/index.php?rest_route=\/wp\/v2\/posts\/13570\/revisions\/13572"}],"wp:attachment":[{"href":"http:\/\/rurallascolonias.com.ar\/index.php?rest_route=%2Fwp%2Fv2%2Fmedia&parent=13570"}],"wp:term":[{"taxonomy":"category","embeddable":true,"href":"http:\/\/rurallascolonias.com.ar\/index.php?rest_route=%2Fwp%2Fv2%2Fcategories&post=13570"},{"taxonomy":"post_tag","embeddable":true,"href":"http:\/\/rurallascolonias.com.ar\/index.php?rest_route=%2Fwp%2Fv2%2Ftags&post=13570"}],"curies":[{"name":"wp","href":"https:\/\/api.w.org\/{rel}","templated":true}]}}