{"id":13528,"date":"2017-02-14T13:57:21","date_gmt":"2017-02-14T13:57:21","guid":{"rendered":"http:\/\/rurallascolonias.com.ar\/?p=13528"},"modified":"2017-02-14T13:57:21","modified_gmt":"2017-02-14T13:57:21","slug":"tamberos-santafesinos-declarados-en-emergencia-hidrica-recibiran-creditos-a-tasas-bajas","status":"publish","type":"post","link":"http:\/\/rurallascolonias.com.ar\/?p=13528","title":{"rendered":"Tamberos santafesinos declarados en emergencia h\u00eddrica recibir\u00e1n cr\u00e9ditos a tasas bajas"},"content":{"rendered":"<p><strong><em><a href=\"http:\/\/rurallascolonias.com.ar\/?attachment_id=13529\" rel=\"attachment wp-att-13529\"><img loading=\"lazy\" class=\"alignleft size-full wp-image-13529\" src=\"http:\/\/rurallascolonias.com.ar\/wp-content\/uploads\/2017\/02\/Emergencia-lechera-300x300.jpg\" alt=\"Emergencia-lechera-300x300\" width=\"300\" height=\"300\" srcset=\"http:\/\/rurallascolonias.com.ar\/wp-content\/uploads\/2017\/02\/Emergencia-lechera-300x300.jpg 300w, http:\/\/rurallascolonias.com.ar\/wp-content\/uploads\/2017\/02\/Emergencia-lechera-300x300-150x150.jpg 150w\" sizes=\"(max-width: 300px) 100vw, 300px\" \/><\/a>Alrededor de 1.800 tamberos declarados en emergencia h\u00eddrica recibir\u00e1n cr\u00e9ditos por $2.000 a tasas bajas, provenientes de un fondo integrado por el Gobierno nacional y provincial<\/em><\/strong><!--more--><\/p>\n<p>Los fondos provienen de \u201cun fondo integrado por la Naci\u00f3n de 250 millones y el gobierno provincial aporta $150 millones, y a partir de ah\u00ed vamos a monetizar con todos los productores afectados\u201d, se\u00f1al\u00f3 el secretario de Lecher\u00eda de la provincia de Santa Fe, Pedro Morini, quien explic\u00f3 que los daminificados \u201crecibir\u00e1n $2.000 por vaca hasta los primeros 200 animales\u201d.<\/p>\n<p>Morini explic\u00f3 que \u201cel cr\u00e9dito tiene un 3% de gasto operativo para la devoluci\u00f3n anual, un a\u00f1o de gracia y tres a\u00f1os para devolverlo\u201d.<\/p>\n<p>\u201cEstuvimos entregando en el departamento Castellanos los certificados de emergencia, que se prorrogan por 180 d\u00edas, para la semana que viene una vez que hablemos con el Ministro de Econom\u00eda provincial, Gonzalo Saglione, empezaremos a hacer algunas carpetas, muy simples porque no se monetiza por los bancos, lo que permite que el productor acceda r\u00e1pidamente al dinero\u201d, precis\u00f3.<\/p>\n<p>El subsecretario de Agricultura de la provincia de Santa Fe, Diego Fournell, reafirm\u00f3 hoy a T\u00e9lam que la tasa de inter\u00e9s ser\u00e1 entre un 3 y un 5%.<\/p>\n<p>\u201cEs requisito fundamental que el tambero tenga el certificado de energencia\u201d, finaliz\u00f3 Fournell.<\/p>\n<p>http:\/\/www.telam.com.ar\/<\/p>\n","protected":false},"excerpt":{"rendered":"<p>Alrededor de 1.800 tamberos declarados en emergencia h\u00eddrica recibir\u00e1n cr\u00e9ditos por $2.000 a tasas bajas, provenientes de un fondo integrado por el Gobierno nacional y provincial<\/p>\n","protected":false},"author":5,"featured_media":0,"comment_status":"open","ping_status":"open","sticky":false,"template":"","format":"standard","meta":[],"categories":[46,1393],"tags":[544,954,522,3455,3549,3202,227,2121],"_links":{"self":[{"href":"http:\/\/rurallascolonias.com.ar\/index.php?rest_route=\/wp\/v2\/posts\/13528"}],"collection":[{"href":"http:\/\/rurallascolonias.com.ar\/index.php?rest_route=\/wp\/v2\/posts"}],"about":[{"href":"http:\/\/rurallascolonias.com.ar\/index.php?rest_route=\/wp\/v2\/types\/post"}],"author":[{"embeddable":true,"href":"http:\/\/rurallascolonias.com.ar\/index.php?rest_route=\/wp\/v2\/users\/5"}],"replies":[{"embeddable":true,"href":"http:\/\/rurallascolonias.com.ar\/index.php?rest_route=%2Fwp%2Fv2%2Fcomments&post=13528"}],"version-history":[{"count":1,"href":"http:\/\/rurallascolonias.com.ar\/index.php?rest_route=\/wp\/v2\/posts\/13528\/revisions"}],"predecessor-version":[{"id":13530,"href":"http:\/\/rurallascolonias.com.ar\/index.php?rest_route=\/wp\/v2\/posts\/13528\/revisions\/13530"}],"wp:attachment":[{"href":"http:\/\/rurallascolonias.com.ar\/index.php?rest_route=%2Fwp%2Fv2%2Fmedia&parent=13528"}],"wp:term":[{"taxonomy":"category","embeddable":true,"href":"http:\/\/rurallascolonias.com.ar\/index.php?rest_route=%2Fwp%2Fv2%2Fcategories&post=13528"},{"taxonomy":"post_tag","embeddable":true,"href":"http:\/\/rurallascolonias.com.ar\/index.php?rest_route=%2Fwp%2Fv2%2Ftags&post=13528"}],"curies":[{"name":"wp","href":"https:\/\/api.w.org\/{rel}","templated":true}]}}