{"id":13431,"date":"2017-02-03T17:42:44","date_gmt":"2017-02-03T17:42:44","guid":{"rendered":"http:\/\/rurallascolonias.com.ar\/?p=13431"},"modified":"2017-02-03T17:42:44","modified_gmt":"2017-02-03T17:42:44","slug":"la-lecheria-se-encamina-a-tres-reuniones-para-intentar-salidas","status":"publish","type":"post","link":"http:\/\/rurallascolonias.com.ar\/?p=13431","title":{"rendered":"La lecher\u00eda se encamina a tres reuniones para intentar salidas"},"content":{"rendered":"<p><strong><em><a href=\"http:\/\/rurallascolonias.com.ar\/?attachment_id=2285\" rel=\"attachment wp-att-2285\"><img loading=\"lazy\" class=\"aligncenter size-full wp-image-2285\" src=\"http:\/\/rurallascolonias.com.ar\/wp-content\/uploads\/2014\/04\/lecher\u00eda.jpg\" alt=\"lecher\u00eda\" width=\"318\" height=\"159\" srcset=\"http:\/\/rurallascolonias.com.ar\/wp-content\/uploads\/2014\/04\/lecher\u00eda.jpg 318w, http:\/\/rurallascolonias.com.ar\/wp-content\/uploads\/2014\/04\/lecher\u00eda-300x150.jpg 300w\" sizes=\"(max-width: 318px) 100vw, 318px\" \/><\/a>Con la Comisi\u00f3n de Enlace la semana anterior se defini\u00f3 generar una Mesa de Concertaci\u00f3n Lechera para el inicio de marzo, en tanto el Consejo Federal Lechero volver\u00e1 a encontrarse el 20 en nuestra Provincia, como primera cita del a\u00f1o y en medio de la emergencia<\/em><\/strong><!--more--><\/p>\n<p>A mucho m\u00e1s de un a\u00f1o de la nueva gesti\u00f3n del Gobierno nacional, debemos reconocer que el sector no se encamina. Dicho muchas veces en este espacio, desde la explicaci\u00f3n de la lecher\u00eda como la urgencia del inicio del mandato, la firma de un acuerdo en Venado Tuerto que jam\u00e1s logr\u00f3 desde enero de 2016 sentar a una mesa a la comercializaci\u00f3n para ordenar las cifras al consumo, pasando por las \u201cotras prioridades\u201d o los dichos de no \u201cestar m\u00e1s en emergencia\u201d de algunos funcionarios, hoy las cosas siguen en constante declive.<br \/>\nDe aquellos cuatro pesos que se consiguieron por las inundaciones de abril, a los cinco pesos dif\u00edciles de lograr para las pr\u00f3ximas liquidaciones, los costos, los gastos, las inundaciones, las negativas, la falta de ayudas cubren a un sector que no termina de ordenarse y lamentablemente faltar\u00e1 mucho para lograrlo.<br \/>\nEn este marco, hace una semana se reuni\u00f3 el Subsecretario de Lecher\u00eda de la Naci\u00f3n con la Comisi\u00f3n de Enlace, en el rubro espec\u00edfico. All\u00ed se presentaron los \u00faltimos datos del Siglea, donde se destac\u00f3 la baja productiva del 14 por ciento, entre otros temas. Sin embargo, lo m\u00e1s saliente del encuentro en el que no estuvo, sin demasiada explicaci\u00f3n, la Mesa Nacional de Productores de Leche, ni otras entidades, se empez\u00f3 a forzar la voluntad de abrir obligatoriamente y de manera mensual las puertas de este espacio estatal. Fue as\u00ed que tomando el caso de \u00e9xito de la carne, que al menos de este modo se vendi\u00f3 medi\u00e1ticamente y as\u00ed tambi\u00e9n lo interpretaron las entidades, se pidi\u00f3 dar pasos firmes en este sentido en el sector lechero.<br \/>\nCRA, Coninagro, SRA y FAA le pidieron a Alejandro Sammartino que se den a conocer los planes de trabajo de la Subsecretar\u00eda que conduce, detalles que jam\u00e1s se dieron a conocer. Lo que las entidades entienden es que con m\u00ednimas acciones al momento e incluso con el lanzamiento del Sistema Integrado de Gesti\u00f3n de la Lecher\u00eda y del Observatorio L\u00e1cteo (Ocla), all\u00ed quedan los puntos esenciales.<br \/>\nEs por eso que se defini\u00f3 que todas las entidades, incluyendo del mismo modo a la industria y de ser necesario se podr\u00edan citar a gobiernos provinciales, a partir del primer jueves de marzo se llevar\u00e1 a cabo este encuentro de una \u201cMesa de Concertaci\u00f3n\u201d, donde se puedan hacer lecturas pol\u00edticas y t\u00e9cnicas del sector.<br \/>\nUno de los aspectos a considerar es cambiar el control del Ocla a manos de universidades o de organismos del Estado, sac\u00e1ndolo de la \u00f3rbita de la Fundaci\u00f3n del Plan Estrat\u00e9gico de la Lecher\u00eda, como hasta ahora, desde su lanzamiento a fin de a\u00f1o.<br \/>\nDe este modo, con una mesa multisectorial se puede empezar a pensar en la lecher\u00eda que todos quieren, en una puesta en com\u00fan, para que cada eslab\u00f3n maneje mejor su posici\u00f3n, con el dominio de los mismos datos, pero en igualdad de condiciones y con un ordenamiento como corresponde.<br \/>\nHoy por hoy los datos del Siglea siguen demostrando que la materia prima en nuestro pa\u00eds no tiene valor real, que las p\u00e9rdidas son constantes, a pesar de los lineamientos de ciertos standards, que est\u00e1n en absoluto superados por las bonificaciones.<br \/>\nHoy la atomizaci\u00f3n de los precios es uno de los mayores problemas del sector. Sin embargo esto genera un escenario ideal para que en la provincia de Santa Fe se siga avanzando en tecnicismos que har\u00e1n a la Consignataria de Leche, que permitir\u00e1 mejorar el poder de negociaci\u00f3n de productores y cooperativas, en medio de un panorama de reducci\u00f3n productiva, salida del mercado de muchos tambos e incluso, debilitamiento de empresas.<br \/>\nAdem\u00e1s, cabe destacar que como lo anticipara CASTELLANOS, con este mes de febrero se reunir\u00e1 en la provincia de Santa Fe el Consejo Federal Lechero. Este espacio que nuclea a la Naci\u00f3n y a los estados provinciales que se hab\u00eda encontrado casi por la fuerza en el pasado noviembre en Villa Mar\u00eda, retomar\u00e1 su agenda el d\u00eda 20 en la ciudad capital de nuestra Provincia, pero ahora con la premura de la emergencia h\u00eddrica y del golpe a la producci\u00f3n que lleg\u00f3 a recortar la recepci\u00f3n de leche cruda en 1,8 mill\u00f3n de litros de leche diarios en toda Santa Fe.<br \/>\nSer\u00eda interesante que de cada encuentro salgan novedades que puedan hacer avanzar a este sector y que no sean un mero c\u00famulo de reuniones que no van m\u00e1s all\u00e1 de lo social, con funcionarios que se hagan cargo de su tarea y enfrenten los desaf\u00edos para los cuales fueron nombrados.<\/p>\n<p>Cr\u00e9ditos<\/p>\n<p>Algo que es esencial a\u00fan no est\u00e1 dado por el Gobierno Nacional. La homologaci\u00f3n de la emergencia h\u00eddrica a\u00fan no fue dada y esto empieza a complicar plazos para los productores. Si bien Santa Fe hace su parte y ya se comenz\u00f3 con la reimpresi\u00f3n de certificados, se debe apurar el tr\u00e1mite nacional para frenar plazos de Banco Naci\u00f3n y AFIP, entre otros.<br \/>\nMientras tanto, sin una certeza oficial, parece que el Gobierno de Mauricio Macri ya habr\u00eda digerido la decisi\u00f3n de prestarle a Santa Fe 250 millones de pesos. Sumados a los 150 millones que va a disponer directamente la Provincia, se sumar\u00edan 400 millones de pesos \u2013tambi\u00e9n como lo viene adelantando en exclusiva este Diario- que se entregar\u00edan a raz\u00f3n de dos mil pesos por vaca, con orientaci\u00f3n netamente lechera, ya que para la agricultura el auxilio surgir\u00e1 del fondo de emergencia nacional. Con un a\u00f1o de gracia para la devoluci\u00f3n, ser\u00e1 en un plazo a tres a\u00f1os el pr\u00e9stamo, con una tasa \u00ednfima, de la cual se retirar\u00e1n los fondos a reponer para las arcas nacionales, mientras que el dinero aportado por Santa Fe conformar\u00e1, siempre en forma extrabancaria y por las comunas, un c\u00famulo de dinero de tipo antic\u00edclico para afrontar posibles repitencias de fen\u00f3menos como los que se duplicaron en el \u00faltimo a\u00f1o.<\/p>\n<p>http:\/\/www.diariocastellanos.net<\/p>\n","protected":false},"excerpt":{"rendered":"<p>Con la Comisi\u00f3n de Enlace la semana anterior se defini\u00f3 generar una Mesa de Concertaci\u00f3n Lechera para el inicio de marzo, en tanto el Consejo Federal Lechero volver\u00e1 a encontrarse el 20 en nuestra Provincia, como primera cita del a\u00f1o y en medio de la emergencia<\/p>\n","protected":false},"author":5,"featured_media":0,"comment_status":"open","ping_status":"open","sticky":false,"template":"","format":"standard","meta":[],"categories":[46],"tags":[3532,12,312],"_links":{"self":[{"href":"http:\/\/rurallascolonias.com.ar\/index.php?rest_route=\/wp\/v2\/posts\/13431"}],"collection":[{"href":"http:\/\/rurallascolonias.com.ar\/index.php?rest_route=\/wp\/v2\/posts"}],"about":[{"href":"http:\/\/rurallascolonias.com.ar\/index.php?rest_route=\/wp\/v2\/types\/post"}],"author":[{"embeddable":true,"href":"http:\/\/rurallascolonias.com.ar\/index.php?rest_route=\/wp\/v2\/users\/5"}],"replies":[{"embeddable":true,"href":"http:\/\/rurallascolonias.com.ar\/index.php?rest_route=%2Fwp%2Fv2%2Fcomments&post=13431"}],"version-history":[{"count":1,"href":"http:\/\/rurallascolonias.com.ar\/index.php?rest_route=\/wp\/v2\/posts\/13431\/revisions"}],"predecessor-version":[{"id":13432,"href":"http:\/\/rurallascolonias.com.ar\/index.php?rest_route=\/wp\/v2\/posts\/13431\/revisions\/13432"}],"wp:attachment":[{"href":"http:\/\/rurallascolonias.com.ar\/index.php?rest_route=%2Fwp%2Fv2%2Fmedia&parent=13431"}],"wp:term":[{"taxonomy":"category","embeddable":true,"href":"http:\/\/rurallascolonias.com.ar\/index.php?rest_route=%2Fwp%2Fv2%2Fcategories&post=13431"},{"taxonomy":"post_tag","embeddable":true,"href":"http:\/\/rurallascolonias.com.ar\/index.php?rest_route=%2Fwp%2Fv2%2Ftags&post=13431"}],"curies":[{"name":"wp","href":"https:\/\/api.w.org\/{rel}","templated":true}]}}