{"id":13309,"date":"2017-01-20T16:36:40","date_gmt":"2017-01-20T16:36:40","guid":{"rendered":"http:\/\/rurallascolonias.com.ar\/?p=13309"},"modified":"2017-01-20T16:38:11","modified_gmt":"2017-01-20T16:38:11","slug":"productores-destacan-la-creacion-del-consejo-hidrico-provincial","status":"publish","type":"post","link":"http:\/\/rurallascolonias.com.ar\/?p=13309","title":{"rendered":"Productores destacan la creaci\u00f3n del Consejo H\u00eddrico Provincial"},"content":{"rendered":"<p><strong><em> <a href=\"http:\/\/rurallascolonias.com.ar\/?attachment_id=13248\" rel=\"attachment wp-att-13248\"><img loading=\"lazy\" class=\"aligncenter wp-image-13248 size-medium\" src=\"http:\/\/rurallascolonias.com.ar\/wp-content\/uploads\/2017\/01\/IMG-20170116-WA0009-300x225.jpg\" alt=\"IMG-20170116-WA0009\" width=\"300\" height=\"225\" srcset=\"http:\/\/rurallascolonias.com.ar\/wp-content\/uploads\/2017\/01\/IMG-20170116-WA0009-300x225.jpg 300w, http:\/\/rurallascolonias.com.ar\/wp-content\/uploads\/2017\/01\/IMG-20170116-WA0009-768x576.jpg 768w, http:\/\/rurallascolonias.com.ar\/wp-content\/uploads\/2017\/01\/IMG-20170116-WA0009-1024x768.jpg 1024w, http:\/\/rurallascolonias.com.ar\/wp-content\/uploads\/2017\/01\/IMG-20170116-WA0009-600x450.jpg 600w, http:\/\/rurallascolonias.com.ar\/wp-content\/uploads\/2017\/01\/IMG-20170116-WA0009-624x468.jpg 624w, http:\/\/rurallascolonias.com.ar\/wp-content\/uploads\/2017\/01\/IMG-20170116-WA0009.jpg 1280w\" sizes=\"(max-width: 300px) 100vw, 300px\" \/><\/a>Ignacio M\u00e1ntaras, secretario de CARSFE, detall\u00f3 que el organismo estar\u00e1 integrado por autoridades, t\u00e9cnicos y productores agropecuarios<\/em><\/strong><!--more--><\/p>\n<p>Adem\u00e1s, solicit\u00f3 que la problem\u00e1tica h\u00eddrica, se aborde con un plan director contemplando las cuatro provincias vecinas y el sistema de cuencas.<\/p>\n<p>Al respecto manifest\u00f3: \u00abDesde la confederaci\u00f3n el tema h\u00eddrico hace a\u00f1os que lo venimos tratando, nosotros proponemos un plan integral.\u00a0Hemos puestos los temas sobre la mesa y no se avanz\u00f3. Queremos que de una vez por toda se aborde lo estructura\u00bb<\/p>\n<p>En el mismo sentido, el dirigente rural explic\u00f3 que hoy los territorios se encuentran en una especie de anarqu\u00eda.<\/p>\n<p>\u00abDesde el primer d\u00eda le hemos propuesto al ministro Garibay la conformaci\u00f3n de un Consejo H\u00eddrico Provincial de car\u00e1cter aut\u00e1rquico vinculante con participacion de los productores, del INA, del INTA\u00a0y que \u00a0en cada de una de \u00a0esas regiones hay consorcios con consejos\u00bb\u00a0expres\u00f3 M\u00e1ntaras<\/p>\n<p>Fuente: LT10<\/p>\n","protected":false},"excerpt":{"rendered":"<p>Ignacio M\u00e1ntaras, secretario de CARSFE, detall\u00f3 que el organismo estar\u00e1 integrado por autoridades, t\u00e9cnicos y productores agropecuarios<\/p>\n","protected":false},"author":5,"featured_media":0,"comment_status":"open","ping_status":"open","sticky":false,"template":"","format":"standard","meta":[],"categories":[42],"tags":[3501,600,3400,312,3500],"_links":{"self":[{"href":"http:\/\/rurallascolonias.com.ar\/index.php?rest_route=\/wp\/v2\/posts\/13309"}],"collection":[{"href":"http:\/\/rurallascolonias.com.ar\/index.php?rest_route=\/wp\/v2\/posts"}],"about":[{"href":"http:\/\/rurallascolonias.com.ar\/index.php?rest_route=\/wp\/v2\/types\/post"}],"author":[{"embeddable":true,"href":"http:\/\/rurallascolonias.com.ar\/index.php?rest_route=\/wp\/v2\/users\/5"}],"replies":[{"embeddable":true,"href":"http:\/\/rurallascolonias.com.ar\/index.php?rest_route=%2Fwp%2Fv2%2Fcomments&post=13309"}],"version-history":[{"count":3,"href":"http:\/\/rurallascolonias.com.ar\/index.php?rest_route=\/wp\/v2\/posts\/13309\/revisions"}],"predecessor-version":[{"id":13312,"href":"http:\/\/rurallascolonias.com.ar\/index.php?rest_route=\/wp\/v2\/posts\/13309\/revisions\/13312"}],"wp:attachment":[{"href":"http:\/\/rurallascolonias.com.ar\/index.php?rest_route=%2Fwp%2Fv2%2Fmedia&parent=13309"}],"wp:term":[{"taxonomy":"category","embeddable":true,"href":"http:\/\/rurallascolonias.com.ar\/index.php?rest_route=%2Fwp%2Fv2%2Fcategories&post=13309"},{"taxonomy":"post_tag","embeddable":true,"href":"http:\/\/rurallascolonias.com.ar\/index.php?rest_route=%2Fwp%2Fv2%2Ftags&post=13309"}],"curies":[{"name":"wp","href":"https:\/\/api.w.org\/{rel}","templated":true}]}}