{"id":13298,"date":"2017-01-20T11:35:56","date_gmt":"2017-01-20T11:35:56","guid":{"rendered":"http:\/\/rurallascolonias.com.ar\/?p=13298"},"modified":"2017-01-20T11:35:56","modified_gmt":"2017-01-20T11:35:56","slug":"los-tambos-ya-sin-alimento-para-las-vacas","status":"publish","type":"post","link":"http:\/\/rurallascolonias.com.ar\/?p=13298","title":{"rendered":"Los tambos, ya sin alimento para las vacas"},"content":{"rendered":"<p><strong><em><a href=\"http:\/\/rurallascolonias.com.ar\/?attachment_id=13300\" rel=\"attachment wp-att-13300\"><img loading=\"lazy\" class=\"aligncenter size-full wp-image-13300\" src=\"http:\/\/rurallascolonias.com.ar\/wp-content\/uploads\/2017\/01\/Los-tambos-ya-sin-alimento-para-las-vacas-300x300.jpg\" alt=\"Los-tambos-ya-sin-alimento-para-las-vacas-300x300\" width=\"300\" height=\"300\" srcset=\"http:\/\/rurallascolonias.com.ar\/wp-content\/uploads\/2017\/01\/Los-tambos-ya-sin-alimento-para-las-vacas-300x300.jpg 300w, http:\/\/rurallascolonias.com.ar\/wp-content\/uploads\/2017\/01\/Los-tambos-ya-sin-alimento-para-las-vacas-300x300-150x150.jpg 150w\" sizes=\"(max-width: 300px) 100vw, 300px\" \/><\/a>Desde el INTA informaron que se quedaron sin reservas y no cuentan con pasturas ni silos de ma\u00edz. En tanto, el Gobierno reconoce que la situaci\u00f3n est\u00e1 \u201catada con alambre\u201d<\/em><\/strong><!--more--><\/p>\n<p>Los tambos del sur de Santa Fe se quedaron sin reservas de alimentos para sus vacas lecheras y tampoco contar\u00edan con silos de ma\u00edz o pasturas para abastecerse, confirmaron ayer especialistas del Instituto Nacional de Tecnolog\u00eda Agropecuaria (INTA).<\/p>\n<p>Seg\u00fan Gustavo Almada, jefe del INTA Carlos Pellegrini de Santa Fe, la situaci\u00f3n de los tambos en el sur provincial se presenta como \u201crealmente compleja\u201d, ya que se encuentran \u201csin reservas, sin silos de ma\u00edz ni tampoco pasturas\u201d para alimentar a sus rodeos.<\/p>\n<p>Dichas declaraciones fueron expuestas por el INTA en su portal de internet, donde se reconoce que los tambos de las regiones afectadas por intensas lluvias el pasado domingo \u201cest\u00e1n en problemas, en especial aquellos ubicados en el centro y sur de la provincia\u201d.<\/p>\n<p>Almada puntualiz\u00f3 que \u201clos tiempos biol\u00f3gicos no les dieron la posibilidad de recuperarse\u201d de la crisis que provocaron las inundaciones registradas en abril de 2016, y explic\u00f3 que ahora padecen \u201cen diez d\u00edas un registro de lluvias de entre 350 y 450 mil\u00edmetros\u201d.<\/p>\n<p>Para los extensionistas Daniela Faure y Carlos Callaci, del INTA Rafaela, \u201cla situaci\u00f3n en los cascos urbanos y el \u00e1rea rural, como consecuencia de las precipitaciones que se produjeron desde diciembre y que alcanzan registros de entre 300 y 500 mil\u00edmetros en el \u00e1rea, es muy complicada\u201c.<\/p>\n<p>Los especialistas recorren peri\u00f3dicamente el departamento Castellanos y asisten a diversos tambos afectados por los excesos h\u00eddricos en esa zona.<\/p>\n<p>Por su parte, el subsecretario de Lecher\u00eda, Alejandro Sammartino, afirm\u00f3 ayer que la inundaci\u00f3n que sufri\u00f3 el centro-oeste santafesino demuestra que \u201cla situaci\u00f3n de la lecher\u00eda est\u00e1 atada con alambre, y desnuda la fragilidad del sistema y la falta de infraestructura\u201d para enfrentar la crisis.<\/p>\n<p>El funcionario nacional formul\u00f3 estos conceptos a LT10 Radio Universidad tras recorrer por tierra y tambi\u00e9n sobrevolar el Departamento de Castellanos y la cuenca de Villa Culul\u00fa, donde coment\u00f3 que frente a las cuestiones clim\u00e1ticas \u201cno hay pol\u00edtica agropecuaria que pueda llevarse adelante en este estado de situaci\u00f3n\u201d.<\/p>\n<p>Sammartino expres\u00f3 que frente a \u201clos 1.000 tambos que est\u00e1n en riesgo en la provincia, la Naci\u00f3n va a homologar la emergencia por las inundaciones que decret\u00f3 el gobierno de Santa Fe\u201d.<\/p>\n<p>\u201cEsto va a postergar los impuestos, los vencimientos bancarios y promover una l\u00ednea de cr\u00e9dito de emergencia para la producci\u00f3n. Tambi\u00e9n vamos a generar un fondo para los productores que no pueden acceder a cr\u00e9ditos\u201c, manifest\u00f3 el funcionario del Ministerio de Agroindustria.<\/p>\n<p>\u201cVamos a trabajar para salvar a cada uno de los productores: no hay una soluci\u00f3n generalizada porque algunos necesitan caminos, otros postergar deudas con la AFIP, otros salvarle las vacas y a otros darle financiamiento. Entendemos lo que significa el tambo para los pueblos\u201d en Santa Fe, dijo.<\/p>\n<p>En materia de precios, Sammartino explic\u00f3 que hoy el tambero puede contar con un valor de $4,70 por litro de leche mientras que el a\u00f1o pasado recib\u00eda $2,40, lo que implica que del precio de g\u00f3ndola, el productor actualmente recibe un 30%, \u201clo que es razonable\u201d, expres\u00f3.<\/p>\n<p>Reclamos de la Mesa Lechera<\/p>\n<p>La Mesa Nacional de Productores de Leche (MNPL) reclam\u00f3 ayer a los gobiernos de la Naci\u00f3n y las provincias que se dispongan beneficios impositivos y crediticios para aquellos establecimientos ganaderos y tamberos que padecieron el incendio o inundaci\u00f3n de sus campos.<\/p>\n<p>A trav\u00e9s de un comunicado, la mesa de tamberos dio cuenta de la \u201csituaci\u00f3n desesperante que vive el sector lechero a causa de los desastres producidos por factores clim\u00e1ticos, inundaciones e incendios\u201d.<\/p>\n<p>Por ello, el sector pidi\u00f3 al Ministerio de Agroindustria que \u201cestablezca medidas\u201d para \u201cpaliar las dificultades\u201d que enfrentan los tambos en las zonas afectadas, cuestiones que analizar\u00e1n referentes del sector con funcionarios nacionales el pr\u00f3ximo martes 24 de enero en la sede de esta cartera.<\/p>\n<p>Los tamberos reclaman ante las autoridades la \u201ccondonaci\u00f3n de deudas crediticias e impuestos a los productores afectados por estas cat\u00e1strofes y tambi\u00e9n la ayuda financiera con aportes no retornables\u201d.<\/p>\n<p>La Mesa de Productores de Leche est\u00e1 integrada por una decena de entidades agropecuarias.<\/p>\n","protected":false},"excerpt":{"rendered":"<p>Desde el INTA informaron que se quedaron sin reservas y no cuentan con pasturas ni silos de ma\u00edz. En tanto, el Gobierno reconoce que la situaci\u00f3n est\u00e1 \u201catada con alambre\u201d<\/p>\n","protected":false},"author":5,"featured_media":0,"comment_status":"open","ping_status":"open","sticky":false,"template":"","format":"standard","meta":[],"categories":[42],"tags":[3497,406,315],"_links":{"self":[{"href":"http:\/\/rurallascolonias.com.ar\/index.php?rest_route=\/wp\/v2\/posts\/13298"}],"collection":[{"href":"http:\/\/rurallascolonias.com.ar\/index.php?rest_route=\/wp\/v2\/posts"}],"about":[{"href":"http:\/\/rurallascolonias.com.ar\/index.php?rest_route=\/wp\/v2\/types\/post"}],"author":[{"embeddable":true,"href":"http:\/\/rurallascolonias.com.ar\/index.php?rest_route=\/wp\/v2\/users\/5"}],"replies":[{"embeddable":true,"href":"http:\/\/rurallascolonias.com.ar\/index.php?rest_route=%2Fwp%2Fv2%2Fcomments&post=13298"}],"version-history":[{"count":1,"href":"http:\/\/rurallascolonias.com.ar\/index.php?rest_route=\/wp\/v2\/posts\/13298\/revisions"}],"predecessor-version":[{"id":13301,"href":"http:\/\/rurallascolonias.com.ar\/index.php?rest_route=\/wp\/v2\/posts\/13298\/revisions\/13301"}],"wp:attachment":[{"href":"http:\/\/rurallascolonias.com.ar\/index.php?rest_route=%2Fwp%2Fv2%2Fmedia&parent=13298"}],"wp:term":[{"taxonomy":"category","embeddable":true,"href":"http:\/\/rurallascolonias.com.ar\/index.php?rest_route=%2Fwp%2Fv2%2Fcategories&post=13298"},{"taxonomy":"post_tag","embeddable":true,"href":"http:\/\/rurallascolonias.com.ar\/index.php?rest_route=%2Fwp%2Fv2%2Ftags&post=13298"}],"curies":[{"name":"wp","href":"https:\/\/api.w.org\/{rel}","templated":true}]}}