{"id":13289,"date":"2017-01-19T10:17:46","date_gmt":"2017-01-19T10:17:46","guid":{"rendered":"http:\/\/rurallascolonias.com.ar\/?p=13289"},"modified":"2017-01-19T16:24:12","modified_gmt":"2017-01-19T16:24:12","slug":"se-esta-desmantelando-la-cuenca-lechera","status":"publish","type":"post","link":"http:\/\/rurallascolonias.com.ar\/?p=13289","title":{"rendered":"Se est\u00e1 desmantelando la cuenca lechera"},"content":{"rendered":"<p><strong><em><a href=\"http:\/\/rurallascolonias.com.ar\/?attachment_id=13290\" rel=\"attachment wp-att-13290\"><img loading=\"lazy\" class=\"aligncenter size-full wp-image-13290\" src=\"http:\/\/rurallascolonias.com.ar\/wp-content\/uploads\/2017\/01\/cuenca-lechera.jpg\" alt=\"cuenca lechera\" width=\"269\" height=\"188\" \/><\/a>La mirada \u00a0de Nuestro Agro como medio period\u00edstico que transita a lo largo del a\u00f1o los caminos de esta gran comarca productiva con su lecher\u00eda como emblema, permite describir lo que acontece, como una \u00a0situaci\u00f3n ca\u00f3tica por donde se la mire, cat\u00e1strofe mediante, un concepto que intenta sintetizar un momento cargado de dolor, bronca e impotencia<\/em><\/strong><!--more--><\/p>\n<p>Esta vez es un golpe bajo, apelando al lenguaje box\u00edstico y desde el punto de vista clim\u00e1tico. A s\u00f3lo siete meses de lo vivido en abril pasado -24 d\u00edas con lluvias- y cuando apenas se comenzaba a recomponer todo el complejo productivo de esta regi\u00f3n, aparece una reiteraci\u00f3n a\u00fan m\u00e1s devastadora, sin aviso, en apenas 72 horas y luego 48 horas m\u00e1s, todo fue quedando bajo agua. El bendito l\u00edquido que en algunos sectores estaban pidiendo porque hab\u00eda s\u00edntomas de sequ\u00eda, lleg\u00f3 con abundancia destructiva, impiadosa.<\/p>\n<p>Y ante esta realidad a la que se le puede describir con los calificativos m\u00e1s dram\u00e1ticos, se alzaron las voces de los productores que presenciaron la llegada de este tsunami y nada pudieron hacer. Una vez m\u00e1s se comprueba \u201cin situ\u201d, que las obras para atenuar y mejorar la situaci\u00f3n de los cientos de establecimientos agropecuarios, no se hab\u00edan ejecutado, s\u00f3lo algunos trabajos parciales que terminaron complicando a\u00fan m\u00e1s a toda la zona. La cuenca del emblem\u00e1tico canal Vila-Culul\u00fa, se desbord\u00f3 por completo recibiendo aguas propias y ajenas, como las de la provincia de C\u00f3rdoba.<\/p>\n<p>Infinitas descripciones de lo que pasa en cada lugar hacen los productores, coincidiendo que los c\u00e1lculos t\u00e9cnicos que vinieron haciendo los \u201cexpertos\u201d de hidra\u00falica de la Provincia de Santa Fe, han fallado y han contribuido a empeorar con los pocos trabajos ejecutados. Claramente se observa que se trabaja mal, los productores saben que las aguas se desplazan irremediablemente hacia los bajos y por d\u00f3nde pasa el mayor volumen, campo por campo. Parece que no se escucha y para colmo no se trabaja primero aguas abajo, lo que cuesta entender.<\/p>\n<p>Los reclamos y promesas datan de 20 a\u00f1os, como para citar un n\u00famero, pero en los \u00faltimos 10 a\u00f1os se han reiterado inundaciones casi anuales y a pesar de los estudios que supuestamente hicieron, hoy las actuales autoridades vuelven a reunirse con su \u201cequipos t\u00e9cnicos\u201d para \u201cvolver a estudiar\u201d la cuenca. Resulta inexplicable tanta inoperancia, tanta desidia cuando despu\u00e9s de cada fen\u00f3meno se habla de millones y millones de pesos en p\u00e9rdidas.<\/p>\n<p>En las primeras p\u00e1ginas de esta edici\u00f3n, los lectores encontrar\u00e1n abundante informaci\u00f3n respaldada por las voces de los productores y en algunos casos por entidades que los representan. Hay claras coincidencias y las cr\u00edticas en todos los colores se la llevan las autoridades provinciales y en parte tambi\u00e9n la Naci\u00f3n por su ausencia total en este momento. Tanto Santa Fe en un 80% est\u00e1 bajo agua como as\u00ed tambi\u00e9n C\u00f3rdoba en sus \u00e1reas m\u00e1s productivas.<\/p>\n<p>Est\u00e1n cerrando establecimientos, cargan las vacas y las venden o las llevan a otras zonas con campos altos. <em>Se est\u00e1 desmantelando la cuenca lechera m\u00e1s importante de la Argentina.<\/em> Esta vez, el presidente Mauricio Macri no se pudo dar una vueltita por la zona, estaba de vacaciones. Sus funcionarios miran para otro lado o ponen cara de circunstancia en algunos programas de televisi\u00f3n nacional y poco describen de semejante cat\u00e1strofe.<\/p>\n<p>Los medios de este interior profundo que genera alimentos todos los d\u00edas para 40 y tantos millones de argentinos estamos solidarizados y difundiendo todo lo que est\u00e1 aconteciendo. Queda escrito, queda grabado y la historia alg\u00fan d\u00eda juzgar\u00e1 el aislamiento de los gobiernos con la gente a la que le debe responder todos los d\u00edas para mejorar su calidad de vida. Nadie siente verg\u00fcenza, nadie se pone colorado, hasta los presidentes comunales no saben para d\u00f3nde mirar porque en su mayor\u00eda son responsables de p\u00e9simas gestiones, administran mal los recursos que salen del campo, de cada ubre que se orde\u00f1a y del esfuerzo diario de miles de familias.<\/p>\n<p>Hay mucho enojo en la gente, en los pueblos inundados, en los establecimientos agropecuarios que est\u00e1n colapsados por el avance de las aguas. Los hermosos colores de los lotes con girasol, los ma\u00edces en floraci\u00f3n y cargando grano y la soja con su manto verde que a la cosecha derraman pesos y d\u00f3lares en la econom\u00eda regional, han cambiado su tonalidad natural. Desaparecieron los lotes de alfalfas, la pastura emblema de los tambos, s\u00f3lo se ven pantanos y animales que estaban en orde\u00f1o en p\u00e9simo estado.<\/p>\n<p>Y en este escenario tan ca\u00f3tico, aparece la peor mezquindad de los seres humanos \u2013 tal vez sea m\u00e1s propio de los argentinos- la de echarse la culpa unos a otros, lo de quejarse y no dejar hacer, la del que se opone que un canal pase por su campo, la del presidente comunal que tambi\u00e9n se opone a que un canal atraviese su distrito. Muy pat\u00e9tico todo. Hay culpables por todos lados y existen claras complicidades.<\/p>\n<p>Alg\u00fan d\u00eda, cuando se sienten en una mesa los dirigentes, los productores, y el gobierno, deber\u00edan sincerarse todos y desenmascarar a los necios y a los in\u00fatiles y de una vez por todas, comenzar a trabajar en serio. El sector productivo debe sincerarse y convocar a las autoridades de turno para planificar a mediano y largo plazo. Un sector que produce y hasta define gran parte de la econom\u00eda nacional no tiene fuerza para organizarse, exponer sus problemas y denunciar las corruptelas pueblerinas, que las hay.<\/p>\n<p>Si algo de esto que decimos no sucede, cabe esperar que nada cambiar\u00e1, que ser\u00e1 inviable producir leche en estas condiciones y que habr\u00e1 que cambiar los sistemas de producci\u00f3n, adaptarse a los posibles cambios clim\u00e1ticos, pero sin estrategia para mejorar la infraestructura que se necesita para desarrollarse y para transportar la producci\u00f3n diaria de leche y la cosecha, todo ser\u00e1 m\u00e1s complicado y triunfar\u00e1 el agotamiento.<\/p>\n<p><strong>Fuente: Nuestro Agro<\/strong><\/p>\n","protected":false},"excerpt":{"rendered":"<p>La mirada \u00a0de Nuestro Agro como medio period\u00edstico que transita a lo largo del a\u00f1o los caminos de esta gran comarca productiva con su lecher\u00eda como emblema, permite describir lo que acontece, como una \u00a0situaci\u00f3n ca\u00f3tica por donde se la mire, cat\u00e1strofe mediante, un concepto que intenta sintetizar un momento cargado de dolor, bronca e [&hellip;]<\/p>\n","protected":false},"author":5,"featured_media":0,"comment_status":"open","ping_status":"open","sticky":false,"template":"","format":"standard","meta":[],"categories":[46,1393],"tags":[1017,3495],"_links":{"self":[{"href":"http:\/\/rurallascolonias.com.ar\/index.php?rest_route=\/wp\/v2\/posts\/13289"}],"collection":[{"href":"http:\/\/rurallascolonias.com.ar\/index.php?rest_route=\/wp\/v2\/posts"}],"about":[{"href":"http:\/\/rurallascolonias.com.ar\/index.php?rest_route=\/wp\/v2\/types\/post"}],"author":[{"embeddable":true,"href":"http:\/\/rurallascolonias.com.ar\/index.php?rest_route=\/wp\/v2\/users\/5"}],"replies":[{"embeddable":true,"href":"http:\/\/rurallascolonias.com.ar\/index.php?rest_route=%2Fwp%2Fv2%2Fcomments&post=13289"}],"version-history":[{"count":1,"href":"http:\/\/rurallascolonias.com.ar\/index.php?rest_route=\/wp\/v2\/posts\/13289\/revisions"}],"predecessor-version":[{"id":13291,"href":"http:\/\/rurallascolonias.com.ar\/index.php?rest_route=\/wp\/v2\/posts\/13289\/revisions\/13291"}],"wp:attachment":[{"href":"http:\/\/rurallascolonias.com.ar\/index.php?rest_route=%2Fwp%2Fv2%2Fmedia&parent=13289"}],"wp:term":[{"taxonomy":"category","embeddable":true,"href":"http:\/\/rurallascolonias.com.ar\/index.php?rest_route=%2Fwp%2Fv2%2Fcategories&post=13289"},{"taxonomy":"post_tag","embeddable":true,"href":"http:\/\/rurallascolonias.com.ar\/index.php?rest_route=%2Fwp%2Fv2%2Ftags&post=13289"}],"curies":[{"name":"wp","href":"https:\/\/api.w.org\/{rel}","templated":true}]}}