{"id":13200,"date":"2017-01-12T14:27:15","date_gmt":"2017-01-12T14:27:15","guid":{"rendered":"http:\/\/rurallascolonias.com.ar\/?p=13200"},"modified":"2017-01-12T14:27:15","modified_gmt":"2017-01-12T14:27:15","slug":"la-produccion-de-leche-se-torno-inviable-y-santa-fe-reclama-un-plan-de-salvataje","status":"publish","type":"post","link":"http:\/\/rurallascolonias.com.ar\/?p=13200","title":{"rendered":"La producci\u00f3n de leche se torn\u00f3 inviable y Santa Fe reclama un plan de salvataje"},"content":{"rendered":"<p><strong><em><a href=\"http:\/\/rurallascolonias.com.ar\/?attachment_id=13201\" rel=\"attachment wp-att-13201\"><img loading=\"lazy\" class=\"aligncenter size-full wp-image-13201\" src=\"http:\/\/rurallascolonias.com.ar\/wp-content\/uploads\/2017\/01\/vacas-3.png\" alt=\"vacas 3\" width=\"300\" height=\"300\" srcset=\"http:\/\/rurallascolonias.com.ar\/wp-content\/uploads\/2017\/01\/vacas-3.png 300w, http:\/\/rurallascolonias.com.ar\/wp-content\/uploads\/2017\/01\/vacas-3-150x150.png 150w\" sizes=\"(max-width: 300px) 100vw, 300px\" \/><\/a>En la provincia se perder\u00e1n 45 millones de litros y $ 256 millones<\/em><\/strong><!--more--><\/p>\n<p>El a\u00f1o pasado se produjo un 13% menos en el pa\u00eds<\/p>\n<p>Las nuevas y recientes inundaciones que se registraron durante los \u00faltimos d\u00edas en varios sectores de las principales regiones productivas del pa\u00eds dejaron una conclusi\u00f3n un tanto desalentadora en el sector agropecuario: \u201cla producci\u00f3n de leche se torn\u00f3 inviable\u201d.<\/p>\n<p>En esta oportunidad la cuenca tambera m\u00e1s importante de la Argentina ubicada en el sur de la provincia de Santa Fe fue la que volvi\u00f3 a sufrir el impacto de las fuertes lluvias provocando graves p\u00e9rdidas econ\u00f3micas y productivas dif\u00edciles de recuperar al menos en el corto plazo.<\/p>\n<p>En este sentido, un informe elaborado este lunes por Gobierno de Santa Fe advirti\u00f3 que las inundaciones provocaron la p\u00e9rdida de $ 256 millones en 869 tambos de la provincia que ahora, para colmo, no podr\u00e1n trabajar por al menos un mes hasta que baje el agua.<\/p>\n<p>En di\u00e1logo con LPO, el ministro de la Producci\u00f3n de Santa Fe, Luis Contigiani, coment\u00f3 que \u201cde los seis departamentos afectados, el que se llev\u00f3 la peor parte Castellanos. La situaci\u00f3n es desoladora; los tamberos recibieron dos duros golpes en menos de un a\u00f1o\u201d.<\/p>\n<p>Los c\u00e1lculos oficiales indican que solo en Santa Fe se perdieron 1 mill\u00f3n 500 mil litros de leche por d\u00eda que trasladados a los pr\u00f3ximos 30 d\u00edas, se traducir\u00e1n en una afectaci\u00f3n cercana a los 45 millones de litros leche (a\u00fan no se cuantificaron da\u00f1os en infraestructura y caminos rurales).<\/p>\n<p>\u201cEstamos trabajando en un plan de contenci\u00f3n y vamos a elevar una propuesta a la Naci\u00f3n que consiste en un plan de salvataje para los tamberos que son los m\u00e1s damnificados\u201d, adelant\u00f3 Contigiani en el marco de una reuni\u00f3n de an\u00e1lisis del impacto de las lluvias.<\/p>\n<p>Como sea, las inundaciones llegaron en el peor momento. La producci\u00f3n de leche en el primer a\u00f1o de gesti\u00f3n de Mauricio Macri cay\u00f3 un 13%, pasando de 11 mil millones de litros a 9.500, seg\u00fan datos privados a los que accedi\u00f3 este medio ante la falta de informaci\u00f3n oficial.<\/p>\n<p>\u201cLa baja en la producci\u00f3n de leche se traduce de inmediato en menos productores, menor generaci\u00f3n de empleo y consecuente menor actividad en los pueblos del interior\u201d, apunt\u00f3 Dardo Chiesa, presidente de Confederaciones Rurales Argentinas (CRA).<\/p>\n<p>Cabe destacar que, en parte, la ca\u00edda del 13% en la producci\u00f3n l\u00e1ctea en 2016 se debi\u00f3 a las inundaciones que se registraron en los meses de marzo y abril pasados que dejaron a las principales cuencas lecheras del pa\u00eds en una situaci\u00f3n cr\u00edtica.<\/p>\n<p>A partir de dichas inundaciones las industrias l\u00e1cteas se vieron forzadas a subir los precios pagados a los productores ante la menor oferta presente en el mercado (hasta ese momento los tamberos cobraban apenas $ 2,40 por litro y luego el valor super\u00f3 los $ 4,00).<\/p>\n<p>El dato es que ese aumento a los tamberos fue trasladado de inmediato por las industrias a los consumidores. En los \u00faltimos siete meses la canasta l\u00e1ctea relevada por el INDEC en Capital Federal aument\u00f3 un 25%, una cifra que duplica a la inflaci\u00f3n del resto de los alimentos b\u00e1sicos.<\/p>\n<p>http:\/\/www.lapoliticaonline.com\/<\/p>\n","protected":false},"excerpt":{"rendered":"<p>En la provincia se perder\u00e1n 45 millones de litros y $ 256 millones<\/p>\n","protected":false},"author":5,"featured_media":0,"comment_status":"open","ping_status":"open","sticky":false,"template":"","format":"standard","meta":[],"categories":[46,1393],"tags":[1999,47,2458,362,3473,2494,119,3474],"_links":{"self":[{"href":"http:\/\/rurallascolonias.com.ar\/index.php?rest_route=\/wp\/v2\/posts\/13200"}],"collection":[{"href":"http:\/\/rurallascolonias.com.ar\/index.php?rest_route=\/wp\/v2\/posts"}],"about":[{"href":"http:\/\/rurallascolonias.com.ar\/index.php?rest_route=\/wp\/v2\/types\/post"}],"author":[{"embeddable":true,"href":"http:\/\/rurallascolonias.com.ar\/index.php?rest_route=\/wp\/v2\/users\/5"}],"replies":[{"embeddable":true,"href":"http:\/\/rurallascolonias.com.ar\/index.php?rest_route=%2Fwp%2Fv2%2Fcomments&post=13200"}],"version-history":[{"count":1,"href":"http:\/\/rurallascolonias.com.ar\/index.php?rest_route=\/wp\/v2\/posts\/13200\/revisions"}],"predecessor-version":[{"id":13202,"href":"http:\/\/rurallascolonias.com.ar\/index.php?rest_route=\/wp\/v2\/posts\/13200\/revisions\/13202"}],"wp:attachment":[{"href":"http:\/\/rurallascolonias.com.ar\/index.php?rest_route=%2Fwp%2Fv2%2Fmedia&parent=13200"}],"wp:term":[{"taxonomy":"category","embeddable":true,"href":"http:\/\/rurallascolonias.com.ar\/index.php?rest_route=%2Fwp%2Fv2%2Fcategories&post=13200"},{"taxonomy":"post_tag","embeddable":true,"href":"http:\/\/rurallascolonias.com.ar\/index.php?rest_route=%2Fwp%2Fv2%2Ftags&post=13200"}],"curies":[{"name":"wp","href":"https:\/\/api.w.org\/{rel}","templated":true}]}}