{"id":13197,"date":"2017-01-11T16:13:38","date_gmt":"2017-01-11T16:13:38","guid":{"rendered":"http:\/\/rurallascolonias.com.ar\/?p=13197"},"modified":"2017-01-11T16:13:38","modified_gmt":"2017-01-11T16:13:38","slug":"tambos-de-las-colonias-arrasados-por-el-agua","status":"publish","type":"post","link":"http:\/\/rurallascolonias.com.ar\/?p=13197","title":{"rendered":"Tambos de Las Colonias arrasados por el agua"},"content":{"rendered":"<p><strong><em><a href=\"http:\/\/rurallascolonias.com.ar\/?attachment_id=13198\" rel=\"attachment wp-att-13198\"><img loading=\"lazy\" class=\"aligncenter wp-image-13198 size-medium\" src=\"http:\/\/rurallascolonias.com.ar\/wp-content\/uploads\/2017\/01\/inundaciones-4-300x188.jpg\" alt=\"inundaciones-4\" width=\"300\" height=\"188\" srcset=\"http:\/\/rurallascolonias.com.ar\/wp-content\/uploads\/2017\/01\/inundaciones-4-300x188.jpg 300w, http:\/\/rurallascolonias.com.ar\/wp-content\/uploads\/2017\/01\/inundaciones-4-600x376.jpg 600w, http:\/\/rurallascolonias.com.ar\/wp-content\/uploads\/2017\/01\/inundaciones-4.jpg 614w\" sizes=\"(max-width: 300px) 100vw, 300px\" \/><\/a>Los establecimientos ubicados en los distritos de Santa Mar\u00eda Norte, San Jer\u00f3nimo del Sauce, Pilar, San Jer\u00f3nimo Norte, Las Tunas y La Vigilancia, est\u00e1n bajo el agua, sin pasturas ni reservas y con una dr\u00e1stica ca\u00edda de producci\u00f3n<\/em><\/strong><!--more--><\/p>\n<p>Los productores solicitan ayuda para poder continuar en la actividad<\/p>\n<p>Desde hace m\u00e1s de 40 a\u00f1os, la familia Claussen cuenta con un establecimiento tambero en la zona. A la delicada situaci\u00f3n por la que los productores del departamento Las Colonias ven\u00edan padeciendo desde abril pasado -a la que hay que agregar las grandes lluvias de 2012\/13\/14 y 2015-, se les sum\u00f3 las recientes precipitaciones que acumulan m\u00e1s de 450 mil\u00edmetros, dejando a la producci\u00f3n primaria de Santa Mar\u00eda Norte arrasada.<\/p>\n<p>\u201cNecesitamos financiaci\u00f3n a muy largo plazo, con baja tasa de inter\u00e9s. Si no, ser\u00e1 imposible recomponer la producci\u00f3n primaria en esta zona\u201d, indic\u00f3 Sergio Claussen.<\/p>\n<p>El productor a cargo de un tambo familiar, que funciona desde la d\u00e9cada del \u201970, manifest\u00f3 que es necesario y urgente una respuesta del Estado tanto nacional como provincial. \u201cPrevio a las lluvias que nos vienen afectado en mayor o menor medida desde 2012, llegamos a orde\u00f1ar entre 3.700 y 3.800 litros. Siempre pensamos que la cat\u00e1strofe h\u00eddrica del a\u00f1o 2007 era la peor de todas, y sin embargo, desde el 2012, fueron una peor que la otra. Y terminamos el a\u00f1o 2016 con dos inundaciones en apenas 9 meses\u201d.<\/p>\n<p>Claussen agreg\u00f3 que los tambos de la regi\u00f3n nunca volvieron a recuperarse de los 20 d\u00edas de lluvia que dejo el mes de abril pasado. \u201cNo estuvimos ni cerca de recuperarnos. Est\u00e1bamos orde\u00f1ando 600 litros, llegamos a fin de diciembre y principio de 2017 con esta situaci\u00f3n que nadie esperaba. Los climat\u00f3logos y expertos dec\u00edan otra cosa, si \u00e9ste va a ser el clima normal de la zona, vamos a tener que replantearnos la producci\u00f3n tambera en esta regi\u00f3n tal cual la conoc\u00edamos\u201d.<\/p>\n<p>La familia Claussen tras el fen\u00f3meno de abril volvi\u00f3 a invertir fuertemente en el tambo, pero a menos de 4 meses de esa fuerte inversi\u00f3n, el agua se termin\u00f3 por llevar todo. \u201cDe vuelta a perder todo, las pasturas que sembramos hace 4 meses otra vez est\u00e1n perdidas, con una inversi\u00f3n muy grande. Realmente, los que pensemos en seguir con el tambo, veremos otras alternativas de producci\u00f3n -base alimentaria- para seguir adelante\u201d.<\/p>\n<p>En este sentido, el productor afirm\u00f3 que las p\u00e9rdidas se acumulan y se suman al desfinanciamiento que los tamberos de la zona vienen padeciendo en los \u00faltimos a\u00f1os. \u201cEs necesario que el Estado tanto nacional como provincial tome cartas en el asunto. Parece que s\u00f3lo existimos para recaudar, nos siguen sacando para mantener un Estado monstruoso matando a la gallina de los huevos de oro. Si no pensamos en el interior, en los productores, este pa\u00eds es inviable. Cada vez, somos menos los que producimos y m\u00e1s lo que viven del asistencialismo\u201d.<\/p>\n<p>Futuro<\/p>\n<p>Por otra parte, Claussen indic\u00f3 que es imposible vaticinar la forma en que se volver\u00e1 a trabajar de ahora en m\u00e1s. \u201cLa situaci\u00f3n, c\u00f3mo seguir\u00e1, la verdad no tengo idea. Ayer, volvi\u00f3 a llover, es imposible planificar de cara al futuro. No podemos entrar al campo, es muy complejo el panorama en nuestra zona. La mayor parte del campo lleg\u00f3 a tener 1 metro de agua\u201d.<\/p>\n<p>A la p\u00e9rdida de pasturas se suma la falta de reservas de cara al invierno de este a\u00f1o. \u201cNo pudimos hacer nada, nos encontramos en una situaci\u00f3n peor que el a\u00f1o pasado. No tenemos base pastoril para que las vacas coman, no tenemos reservas, no s\u00e9 c\u00f3mo vamos a seguir\u2026 Lo inmediato es achicar el rodeo, se vender\u00e1n algunas vacas y esperar que deje de llover, para pensar en el futuro del establecimiento\u201d.<\/p>\n<p>Sobre el final, Claussen afirm\u00f3 que la ayuda de abril pasado fue s\u00f3lo un paliativo. \u201cLa ayuda concreta que necesit\u00e1bamos nunca lleg\u00f3, tanto del Estado nacional como del provincial; a esta altura, estoy muy decepcionado. Ambos vuelven a no estar presentes, la ayuda concreta nunca llega. Si quiere salvar la producci\u00f3n ya deber\u00edan estar presentando un paquete de ayuda serio que sirva para financiar a los productores. Si no, que nos digan y nos dedicaremos a otra cosa. Cerramos y buscamos otra cosa\u201d.<\/p>\n<p>M\u00e1s complicaciones<\/p>\n<p>Por su parte, Nicanor Magn\u00edn, presidente comunal de la localidad, manifest\u00f3 que hubo muchos problemas en los caminos que conecta al peque\u00f1o pueblo con San Jer\u00f3nimo Norte. \u201cEntre el s\u00e1bado y, principalmente, el domingo, el agua hab\u00eda escurrido lo que permiti\u00f3 volver a comunicarnos v\u00eda terrestre. Pero las lluvias de ayer volvieron a complicar las cosas\u201d.<\/p>\n<p>La situaci\u00f3n se dio por el desborde del canal principal, afectando severamente a los campos del distrito. \u201cVa a llevar varios meses para que la situaci\u00f3n se recomponga. La vertiente adem\u00e1s est\u00e1 muy alta, en este aspecto la situaci\u00f3n de los productores es muy grave. Esto es similar a la cat\u00e1strofe que ocurri\u00f3 en el a\u00f1o 2007\u201d, anunci\u00f3.<\/p>\n<p>Magnin agreg\u00f3 que la limpieza del canal principal Santa Mar\u00eda-San Jer\u00f3nimo, junto a la colocaci\u00f3n de tres aliviadores -en el camino que une Santa Mar\u00eda y San Jer\u00f3nimo Norte- ayudo a que el agua escurra m\u00e1s r\u00e1pido, pero el volumen de agua es alt\u00edsimo y termin\u00f3 afectado al 100% del pueblo.<\/p>\n<p>\u201cEl otro problema que tenemos adem\u00e1s de las lluvias, es la Autov\u00eda 19 que nos hace de embudo y no permite que la masa h\u00eddrica pueda escurrir. No tiene un paso directo por la ruta, por ello desborda y no sale con facilidad y afecta a miles de hect\u00e1reas de otros distritos\u201d.<\/p>\n<p>El jefe comunal resalt\u00f3 que la complicaci\u00f3n m\u00e1s importante y la que requiere ayuda inmediata y extraordinaria es la producci\u00f3n. Est\u00e1 todo cubierto, es desastroso. No s\u00e9 c\u00f3mo van a hacer los productores para poder seguir adelante. Hay campos de muy buena calidad agron\u00f3mica que en los \u00faltimos a\u00f1os quedaron abandonados. No hay forma de que alguien alquile tierras que cada ocho meses se inundan. No hay espalda que aguante esta situaci\u00f3n\u201d.<\/p>\n<p>Por \u00faltimo, Magnin manifest\u00f3 que esta situaci\u00f3n tambi\u00e9n juega en contra de la gente que se radica en los peque\u00f1os pueblo como Santa Mar\u00eda. \u201cLa gente se va a las localidades m\u00e1s grandes, porque la vida ac\u00e1 se hace muy dura. El panorama que estamos viviendo es muy complicado. El tema econ\u00f3mico es desastroso, lo que se viene en los pr\u00f3ximo meses ser\u00e1 muy duro\u201d.<\/p>\n<p>Jos\u00e9 Zenclussen \u2013 Diario El Litoral \u2013<\/p>\n","protected":false},"excerpt":{"rendered":"<p>Los establecimientos ubicados en los distritos de Santa Mar\u00eda Norte, San Jer\u00f3nimo del Sauce, Pilar, San Jer\u00f3nimo Norte, Las Tunas y La Vigilancia, est\u00e1n bajo el agua, sin pasturas ni reservas y con una dr\u00e1stica ca\u00edda de producci\u00f3n<\/p>\n","protected":false},"author":5,"featured_media":0,"comment_status":"open","ping_status":"open","sticky":false,"template":"","format":"standard","meta":[],"categories":[42],"tags":[398,2796,406],"_links":{"self":[{"href":"http:\/\/rurallascolonias.com.ar\/index.php?rest_route=\/wp\/v2\/posts\/13197"}],"collection":[{"href":"http:\/\/rurallascolonias.com.ar\/index.php?rest_route=\/wp\/v2\/posts"}],"about":[{"href":"http:\/\/rurallascolonias.com.ar\/index.php?rest_route=\/wp\/v2\/types\/post"}],"author":[{"embeddable":true,"href":"http:\/\/rurallascolonias.com.ar\/index.php?rest_route=\/wp\/v2\/users\/5"}],"replies":[{"embeddable":true,"href":"http:\/\/rurallascolonias.com.ar\/index.php?rest_route=%2Fwp%2Fv2%2Fcomments&post=13197"}],"version-history":[{"count":1,"href":"http:\/\/rurallascolonias.com.ar\/index.php?rest_route=\/wp\/v2\/posts\/13197\/revisions"}],"predecessor-version":[{"id":13199,"href":"http:\/\/rurallascolonias.com.ar\/index.php?rest_route=\/wp\/v2\/posts\/13197\/revisions\/13199"}],"wp:attachment":[{"href":"http:\/\/rurallascolonias.com.ar\/index.php?rest_route=%2Fwp%2Fv2%2Fmedia&parent=13197"}],"wp:term":[{"taxonomy":"category","embeddable":true,"href":"http:\/\/rurallascolonias.com.ar\/index.php?rest_route=%2Fwp%2Fv2%2Fcategories&post=13197"},{"taxonomy":"post_tag","embeddable":true,"href":"http:\/\/rurallascolonias.com.ar\/index.php?rest_route=%2Fwp%2Fv2%2Ftags&post=13197"}],"curies":[{"name":"wp","href":"https:\/\/api.w.org\/{rel}","templated":true}]}}