{"id":1316,"date":"2014-02-11T12:10:56","date_gmt":"2014-02-11T12:10:56","guid":{"rendered":"http:\/\/rurallascolonias.com.ar\/?p=1316"},"modified":"2014-02-11T12:10:56","modified_gmt":"2014-02-11T12:10:56","slug":"alerta-meteorologico-por-tormentas-fuertes-en-el-centro-del-pais","status":"publish","type":"post","link":"http:\/\/rurallascolonias.com.ar\/?p=1316","title":{"rendered":"ALERTA METEOROL\u00d3GICO POR TORMENTAS FUERTES EN EL CENTRO DEL PA\u00cdS"},"content":{"rendered":"<p><a href=\"http:\/\/rurallascolonias.com.ar\/wp-content\/uploads\/2014\/02\/tormentas.jpg\"><img loading=\"lazy\" class=\"aligncenter size-full wp-image-1317\" alt=\"tormentas\" src=\"http:\/\/rurallascolonias.com.ar\/wp-content\/uploads\/2014\/02\/tormentas.jpg\" width=\"343\" height=\"147\" srcset=\"http:\/\/rurallascolonias.com.ar\/wp-content\/uploads\/2014\/02\/tormentas.jpg 343w, http:\/\/rurallascolonias.com.ar\/wp-content\/uploads\/2014\/02\/tormentas-300x128.jpg 300w\" sizes=\"(max-width: 343px) 100vw, 343px\" \/><\/a>El fen\u00f3meno incluye a centro y norte de la provincia de Buenos Aires, Gran Buenos Aires, sur y centro de C\u00f3rdoba, sur y centro de Santa Fe, Entre R\u00edos y R\u00edo de la Plata.<!--more--><\/p>\n<p>El Servicio Meteorol\u00f3gico Nacional (SMN) emiti\u00f3 un alerta por tormentas fuertes para Capital Federal, La Plata, centro y norte de la provincia de Buenos Aires, Gran Buenos Aires, sur y centro de C\u00f3rdoba, sur y centro de Santa Fe, Entre R\u00edos y R\u00edo de la Plata.<\/p>\n<p>\u00abUn \u00e1rea de lluvias y tormentas ubicada sobre el sudeste de C\u00f3rdoba y noroeste de Buenos Aires se desplaza hacia el resto de la zona de cobertura\u00bb, algunas de las cuales podr\u00edan ser severas y provocar \u00ababundante ca\u00edda de agua, fuerte actividad el\u00e9ctrica, r\u00e1fagas de viento y ocasional ca\u00edda de granizo\u00bb.<\/p>\n<p>De acuerdo al informe, \u00ablas condiciones tender\u00e1n a mejorar hacia la noche de hoy\u00bb y se determin\u00f3 el cese de alerta para San Luis y noreste de La Pampa.<\/p>\n<p>Fuente: Infocampo<\/p>\n","protected":false},"excerpt":{"rendered":"<p>El fen\u00f3meno incluye a centro y norte de la provincia de Buenos Aires, Gran Buenos Aires, sur y centro de C\u00f3rdoba, sur y centro de Santa Fe, Entre R\u00edos y R\u00edo de la Plata.<\/p>\n","protected":false},"author":5,"featured_media":0,"comment_status":"closed","ping_status":"closed","sticky":false,"template":"","format":"standard","meta":[],"categories":[40],"tags":[502,348],"_links":{"self":[{"href":"http:\/\/rurallascolonias.com.ar\/index.php?rest_route=\/wp\/v2\/posts\/1316"}],"collection":[{"href":"http:\/\/rurallascolonias.com.ar\/index.php?rest_route=\/wp\/v2\/posts"}],"about":[{"href":"http:\/\/rurallascolonias.com.ar\/index.php?rest_route=\/wp\/v2\/types\/post"}],"author":[{"embeddable":true,"href":"http:\/\/rurallascolonias.com.ar\/index.php?rest_route=\/wp\/v2\/users\/5"}],"replies":[{"embeddable":true,"href":"http:\/\/rurallascolonias.com.ar\/index.php?rest_route=%2Fwp%2Fv2%2Fcomments&post=1316"}],"version-history":[{"count":1,"href":"http:\/\/rurallascolonias.com.ar\/index.php?rest_route=\/wp\/v2\/posts\/1316\/revisions"}],"predecessor-version":[{"id":1318,"href":"http:\/\/rurallascolonias.com.ar\/index.php?rest_route=\/wp\/v2\/posts\/1316\/revisions\/1318"}],"wp:attachment":[{"href":"http:\/\/rurallascolonias.com.ar\/index.php?rest_route=%2Fwp%2Fv2%2Fmedia&parent=1316"}],"wp:term":[{"taxonomy":"category","embeddable":true,"href":"http:\/\/rurallascolonias.com.ar\/index.php?rest_route=%2Fwp%2Fv2%2Fcategories&post=1316"},{"taxonomy":"post_tag","embeddable":true,"href":"http:\/\/rurallascolonias.com.ar\/index.php?rest_route=%2Fwp%2Fv2%2Ftags&post=1316"}],"curies":[{"name":"wp","href":"https:\/\/api.w.org\/{rel}","templated":true}]}}