{"id":13156,"date":"2017-01-09T14:01:25","date_gmt":"2017-01-09T14:01:25","guid":{"rendered":"http:\/\/rurallascolonias.com.ar\/?p=13156"},"modified":"2017-01-09T14:01:25","modified_gmt":"2017-01-09T14:01:25","slug":"las-colonias-la-crisis-hidrica-revela-problemas-de-fondo","status":"publish","type":"post","link":"http:\/\/rurallascolonias.com.ar\/?p=13156","title":{"rendered":"Las Colonias: la crisis h\u00eddrica revela problemas de fondo"},"content":{"rendered":"<h3><em><a href=\"http:\/\/rurallascolonias.com.ar\/?attachment_id=13157\" rel=\"attachment wp-att-13157\"><img loading=\"lazy\" class=\"aligncenter wp-image-13157 size-medium\" src=\"http:\/\/rurallascolonias.com.ar\/wp-content\/uploads\/2017\/01\/vacas-300x200.jpg\" alt=\"vacas\" width=\"300\" height=\"200\" srcset=\"http:\/\/rurallascolonias.com.ar\/wp-content\/uploads\/2017\/01\/vacas-300x200.jpg 300w, http:\/\/rurallascolonias.com.ar\/wp-content\/uploads\/2017\/01\/vacas-600x400.jpg 600w, http:\/\/rurallascolonias.com.ar\/wp-content\/uploads\/2017\/01\/vacas-624x416.jpg 624w, http:\/\/rurallascolonias.com.ar\/wp-content\/uploads\/2017\/01\/vacas.jpg 750w\" sizes=\"(max-width: 300px) 100vw, 300px\" \/><\/a>Las excesivas lluvias de las \u00faltimas semanas volvieron a colapsar la matriz productiva, especialmente en el centro provincial<\/em><\/h3>\n<p><!--more--><\/p>\n<h3><strong>A los tradicionales reclamos de infraestructura, ahora se suman otros m\u00e1s profundos como la imposibilidad de generar arraigo o diversificar la producci\u00f3n.<\/strong><\/h3>\n<p><span class=\"vw-dropcap vw-dropcap-standard\">E<\/span>l desolador panorama que ocasionaron las lluvias acumuladas entre el 23 de diciembre y el 4 de enero \u00faltimos, con acumulados que en varios lugares rondan los 500 mil\u00edmetros, evoc\u00f3 en los productores el drama de abril de 2016, cuando una situaci\u00f3n similar puso en jaque al tambo y ocasion\u00f3 grandes p\u00e9rdidas en la cosecha de soja, que estaba lista para levantarse.<\/p>\n<p>A menos de un a\u00f1o de aquel desastre, la reedici\u00f3n del drama h\u00eddrico reaviv\u00f3 la discusi\u00f3n sobre la infraestructura regional, especialmente acerca del estado de los caminos, los canales y la provisi\u00f3n de energ\u00eda el\u00e9ctrica.<\/p>\n<p>Marcelo D\u00e1ndolo, presidente de la Sociedad Rural de Las Colonias, plante\u00f3 que para los tambos \u201ces otro abril m\u00e1s, con caminos intransitables, con productores que tiraron leche porque no pueden salir; se les cort\u00f3 la luz y la EPE no puede llegar porque no hay caminos\u201d. Y sum\u00f3 complicaciones en agricultura por la postergaci\u00f3n de la siembra de soja y ma\u00edces de segunda, mientras los girasoles que est\u00e1n listos no se los puede cosechar (en ciertos casos se hab\u00edan pulverizado para desecarlos anticipadamente) y algunos ya empezaron a caerse. Los ma\u00edces para silo est\u00e1n buenos, pero no se pueden picar. \u2018Si se demoran se enferman y se embolsa mala calidad\u201d, explic\u00f3.<\/p>\n<p>\u201cEl clima es impredecible y pasan cosas que antes no se daban tan seguidas; de todas maneras vimos una buena intenci\u00f3n de canalizar algo fuertemente despu\u00e9s de abril y es como que qued\u00f3 en la nada, entonces de una vez por todas tenemos que transitar un camino para prevenir estas cosas porque vienen para instalarse, si no la pasamos de una emergencia a otra\u201d, reflexion\u00f3. Y advirti\u00f3: \u201ca muchos productores, sobre todo a los tamberos, se le terminan de caer los brazos; yo creo que con esto se va a profundizar el cierre de muchos m\u00e1s tambos\u201d.<\/p>\n<p>Para el dirigente, por m\u00e1s que el precio de la leche mejore, soportar tres inundaciones seguidas, m\u00e1s la dificultad de retener gente en el campo, \u201choy es inhumano\u201d para el productor. \u201cTenemos que dar una vuelta de p\u00e1gina, organizar c\u00f3mo seguir hacia adelante y tener una visi\u00f3n a largo plazo para empezar a trabajarla\u201d, reclam\u00f3.<\/p>\n<p>La declaraci\u00f3n de emergencia -dijo el ruralista- puede ser una soluci\u00f3n coyuntural, pero \u201cdespu\u00e9s hay que trabajar para que no se repita por falta de soluciones\u201d. Seg\u00fan su opini\u00f3n, hace falta un cambio profundo en infraestructura \u201cporque las redes de caminos, rutas y electrificaci\u00f3n son viej\u00edsimos, entonces hay que atacar eso y modernizarlo\u201d.<\/p>\n<p>Por su parte Javier de la Pe\u00f1a, presidente de Asociaci\u00f3n Uni\u00f3n Tamberos, con sede en Franck, una de las zonas que sufre problemas h\u00eddricos con mayor recurrencia, sentenci\u00f3: \u201cseguimos con la misma crisis hist\u00f3rica; el agua no sale, la red de canales no est\u00e1 armada, hay tambos que est\u00e1n sin energ\u00eda el\u00e9ctrica y tuvieron que tirar la leche, las reparaciones son lentas, los caminos no est\u00e1n, los ripios se destruyeron en las lluvias de abril y no se recompusieron; o sea que el panorama es bastante cr\u00edtico\u201d.<\/p>\n<p>Respecto de abril dijo que esta es una mejor \u00e9poca, los silos a\u00fan no se perdieron, las pasturas se pueden recomponer, aunque muchas ya se perdieron por 10 d\u00edas de anegamiento. A\u00fan as\u00ed \u201cla perspectiva productiva es mala, por la sucesi\u00f3n de los da\u00f1os: a lo de abril se agreg\u00f3 la piedra en noviembre y ahora esta nueva crisis h\u00eddrica\u201d.<\/p>\n<p>Para el dirigente cooperativo, \u201cseguimos discutiendo cuestiones menores y no las de fondo; y eso lleva a que los productores y los dirigentes nos estemos cansando\u201d. A los problemas de infraestructura sum\u00f3 los comerciales. \u201cMuchos productores a\u00fan no conocen el precio de la leche que entregaron el primero de diciembre y eso no es posible en el mundo actual, donde te cobran inter\u00e9s para todo\u201d, protest\u00f3. Tampo es comprensible -dijo- que los bancos, incluso el Naci\u00f3n, no otorguen cr\u00e9ditos a productores con un capital muy grande en el campo porque no tienen un contrato l\u00e1cteo para usarlo como herramienta financiera, \u201cpero se lo entregan a alguien que cosecha y tiene tractores como capital\u201d.<\/p>\n<p>Para de la Pe\u00f1a Socios de AUT el clima \u201cobliga a analizar un cambio de esquema productivo\u201d para salir del pastoril, que es m\u00e1s vulnerable, hacia sistemas semiestabulados. \u201cHay que ver qui\u00e9n financia esta transformaci\u00f3n\u201d, se pregunt\u00f3, y revel\u00f3 que los socios de la cooperativa hoy producen entre 15 y 20% menos de leche que hace un a\u00f1o. \u201cY ahora habr\u00e1 una ca\u00edda marcada, porque ya no hay partos (no se hicieron los servicios en oto\u00f1o) y con la lluvia ahora es peor\u201d, pronostic\u00f3.<\/p>\n<p>Marcelo Aimaro, presidente de Meprolsafe, opin\u00f3 como Dandolo: \u201cotro desastre m\u00e1s, que se suma al de abril, que creo que se va a llevar a muchos\u201d. Como diagn\u00f3stico, sostuvo: \u201ctenemos los caminos cortados y gente tirando leche porque no la puede sacar; otros varados en los campos\u201d.<\/p>\n<p>El dirigente agreg\u00f3: \u201cla realidad es que no aprendimos; despu\u00e9s de semejante cat\u00e1strofe (de abril) a nivel nacional nadie baj\u00f3 una l\u00ednea de hacer algo y a nivel provincial hay intentos de proyectos pero hay que concretarlos, sobre todo una ley de aguas y empezar a realizar las obras maestras que necesitamos\u201d. Sobre todo -afirm\u00f3- porque en provincias vecinas, como C\u00f3rdoba, hubo grandes obras para descargar su excedentes h\u00eddricos en Santa Fe.<\/p>\n<p>A las declaraciones del Ministro Luis Contigiani, quien manifest\u00f3 \u201cla decisi\u00f3n pol\u00edtica de que no se pierda un s\u00f3lo tambo\u201d, Aimaro respondi\u00f3: \u201ccreo que va a ser muy dif\u00edcil; ojal\u00e1 se cumpla, pero hay zonas donde se quedaron sin reservas; perdieron las pasturas resembradas y est\u00e1n endeudados \u00bfc\u00f3mo hac\u00e9s para seguir? es muy dif\u00edcil, no se si el gobierno provincial puede llegar a recomponer las estructuras de estos productores\u201d.<\/p>\n<p>Tambi\u00e9n consider\u00f3 que las herramientas financieras dispuestas en la emergencia anterior \u201cno sirvieron\u201d al productor, porque sin rentabilidad y desfinanciado es imposible tomar un cr\u00e9dito. \u201cA ese productor hay que salvarlo de otra manera si queremos mantener la estructura productiva y cumplir con lo que decimos del arraigo, la gente viviendo en el campo, que el tambo da trabajo\u2026\u201d.<\/p>\n<p>Desde su \u00f3ptica, la proyecci\u00f3n es de una ca\u00edda del 25 al 30% de producci\u00f3n lechera entre abril y ahora. \u201cLa vaca ven\u00eda mal, cansada y ahora castigada nuevamente y sin comida ni confort\u201d.<\/p>\n<p>Por\u00a0Juan Manuel Fern\u00e1ndez<\/p>\n","protected":false},"excerpt":{"rendered":"<p>Las excesivas lluvias de las \u00faltimas semanas volvieron a colapsar la matriz productiva, especialmente en el centro provincial<\/p>\n","protected":false},"author":5,"featured_media":0,"comment_status":"open","ping_status":"open","sticky":false,"template":"","format":"standard","meta":[],"categories":[42],"tags":[3453,2796,1112],"_links":{"self":[{"href":"http:\/\/rurallascolonias.com.ar\/index.php?rest_route=\/wp\/v2\/posts\/13156"}],"collection":[{"href":"http:\/\/rurallascolonias.com.ar\/index.php?rest_route=\/wp\/v2\/posts"}],"about":[{"href":"http:\/\/rurallascolonias.com.ar\/index.php?rest_route=\/wp\/v2\/types\/post"}],"author":[{"embeddable":true,"href":"http:\/\/rurallascolonias.com.ar\/index.php?rest_route=\/wp\/v2\/users\/5"}],"replies":[{"embeddable":true,"href":"http:\/\/rurallascolonias.com.ar\/index.php?rest_route=%2Fwp%2Fv2%2Fcomments&post=13156"}],"version-history":[{"count":1,"href":"http:\/\/rurallascolonias.com.ar\/index.php?rest_route=\/wp\/v2\/posts\/13156\/revisions"}],"predecessor-version":[{"id":13158,"href":"http:\/\/rurallascolonias.com.ar\/index.php?rest_route=\/wp\/v2\/posts\/13156\/revisions\/13158"}],"wp:attachment":[{"href":"http:\/\/rurallascolonias.com.ar\/index.php?rest_route=%2Fwp%2Fv2%2Fmedia&parent=13156"}],"wp:term":[{"taxonomy":"category","embeddable":true,"href":"http:\/\/rurallascolonias.com.ar\/index.php?rest_route=%2Fwp%2Fv2%2Fcategories&post=13156"},{"taxonomy":"post_tag","embeddable":true,"href":"http:\/\/rurallascolonias.com.ar\/index.php?rest_route=%2Fwp%2Fv2%2Ftags&post=13156"}],"curies":[{"name":"wp","href":"https:\/\/api.w.org\/{rel}","templated":true}]}}