{"id":13139,"date":"2017-01-06T11:28:12","date_gmt":"2017-01-06T11:28:12","guid":{"rendered":"http:\/\/rurallascolonias.com.ar\/?p=13139"},"modified":"2017-01-06T11:28:12","modified_gmt":"2017-01-06T11:28:12","slug":"son-900-los-tambos-afectados-por-las-inundaciones-recientes","status":"publish","type":"post","link":"http:\/\/rurallascolonias.com.ar\/?p=13139","title":{"rendered":"Son 900 los tambos afectados por las inundaciones recientes"},"content":{"rendered":"<p><strong><em><a href=\"http:\/\/rurallascolonias.com.ar\/?attachment_id=13140\" rel=\"attachment wp-att-13140\"><img loading=\"lazy\" class=\"aligncenter size-full wp-image-13140\" src=\"http:\/\/rurallascolonias.com.ar\/wp-content\/uploads\/2017\/01\/Son-900-los-tambos-afectados-por-las-inundaciones-recientes-300x300.jpg\" alt=\"son-900-los-tambos-afectados-por-las-inundaciones-recientes-300x300\" width=\"300\" height=\"300\" srcset=\"http:\/\/rurallascolonias.com.ar\/wp-content\/uploads\/2017\/01\/Son-900-los-tambos-afectados-por-las-inundaciones-recientes-300x300.jpg 300w, http:\/\/rurallascolonias.com.ar\/wp-content\/uploads\/2017\/01\/Son-900-los-tambos-afectados-por-las-inundaciones-recientes-300x300-150x150.jpg 150w\" sizes=\"(max-width: 300px) 100vw, 300px\" \/><\/a>El sol de este verano que se hace cruento permiti\u00f3 desde la tarde del mi\u00e9rcoles empezar a calcular de alguna manera la afecci\u00f3n de tanta agua en uno de los sectores productivos m\u00e1s importantes a nivel nacional<\/em><\/strong><!--more--><\/p>\n<p>Despu\u00e9s de haber sobrevolado la zona, Pedro Morini, secretario provincial de Lecher\u00eda analiz\u00f3 ayer algunos de los n\u00fameros oficiales que maneja el Ministerio de la Producci\u00f3n. Son 300 mil hect\u00e1reas en todo el territorio las afectadas por el exceso h\u00eddrico, mientras que de todo eso, la mitad est\u00e1 en nuestra regi\u00f3n, siendo el cuadro m\u00e1s afectado el que est\u00e1 delimitado por las rutas 19 al sur, la 1 sobre el l\u00edmite cordob\u00e9s, la 280 S en el norte y la Ruta Nacional 34 al este. En este marco, se estiman en 900 los tambos con cobertura de agua, de los cuales 600 est\u00e1n en esta delimitaci\u00f3n principal, mientras que los restantes 300 se ubican en departamentos como San Mart\u00edn, San Crist\u00f3bal, Las Colonias y San Justo.<\/p>\n<p>Es as\u00ed que si bien entre 2013 y 2015 la provincia lleg\u00f3 a promediar los ocho millones de litros diarios producidos, para 2016 se cerr\u00f3 con un balance diferente. Luego de abril, la producci\u00f3n de leche cruda hab\u00eda ca\u00eddo a los cuatro millones de litros diarios, pero para diciembre ya se consolidaron 6.200.000. Ahora se estima en el 40 por ciento la merma, ya que pymes y grandes empresas aluden una baja en la recepci\u00f3n de esos valores, con lo cual el primer mes del a\u00f1o y quiz\u00e1 tambi\u00e9n el segundo, con toda la influencia de las lluvias y el calor, ara\u00f1en los cinco millones de litros diarios.<\/p>\n<p>El da\u00f1o econ\u00f3mico, solo en producci\u00f3n de leche y siendo generosos con los valores, calculando a cinco pesos el litro, dar\u00e1n un sablazo en la recaudaci\u00f3n no solo de tamberos, sino en su consecuencia impositiva y comercial de m\u00e1s de 185 millones de pesos, aproximadamente, sin contar p\u00e9rdidas en pasturas, algunos animales, da\u00f1os en infraestructura y dem\u00e1s cuestiones que se a\u00f1aden al fen\u00f3meno. Claro que en agricultura, los c\u00e1lculos son otros, con la p\u00e9rdida de lotes completos de ma\u00edz, soja y girasol.<\/p>\n<p>Cabe destacar que la provincia podr\u00eda procesar diariamente un aproximado de hasta 12 millones de litros diarios, quedando a mucho menos de la mitad de eso, por estas semanas, al menos.<\/p>\n<p>\u201cEl impacto es muy grande, pero a diferencia de abril esto se da en una zona bien focalizada y con la ventaja que pueden llegar a aportar las altas temperaturas de enero y la alternancia con el sol que estamos viendo. De todas maneras, los pron\u00f3sticos son muy variables y el alerta se debe mantener\u201d, le coment\u00f3 a CASTELLANOS el funcionario que confirm\u00f3 la buena marcha del Decreto por la pr\u00f3rroga de la emergencia agropecuaria por 180 d\u00edas para 18 departamentos y a\u00f1adiendo a siete localidades del restante, Nueve de Julio. Adem\u00e1s, ya se gestionan ayudas extraordinarias en el plano nacional.<\/p>\n<p>Morini anticip\u00f3 que \u201cse siguen recopilando todos los datos, sobre todo de los productores que necesitan trasladar animales y van apareciendo campos m\u00e1s al norte con buenas instalaciones para recibir a esas cabezas, e incluso hay cierta oferta de rollos y fardos\u201d. El Secretario entiende que si bien hay espacios muy complicados, como la zona entre Roca y Vila, \u201chay gente que no se va a entregar tan f\u00e1cil y es una decisi\u00f3n muy dif\u00edcil la de cerrar un tambo, m\u00e1s a\u00fan cuando est\u00e1n en campos chicos, que no tienen muchas alternativas\u201d. De todos modos, la decisi\u00f3n est\u00e1 tomada en varios casos y ya aparecen oportunistas con intenci\u00f3n de comprar las explotaciones devaluadas.<\/p>\n<p>Finalmente, el funcionario asegur\u00f3 que ni bien se pueda, cuando el agua se retire se agilizar\u00e1n las obras que ya est\u00e1n comprometidas en caminos rurales, e incluso en algunos comit\u00e9s de cuenca, adem\u00e1s de tender a apurar licitaciones pendientes de a\u00f1os para mejorar la infraestructura en una regi\u00f3n sucesivamente golpeada por el clima y las promesas.<\/p>\n<p>http:\/\/www.diariocastellanos.net<\/p>\n","protected":false},"excerpt":{"rendered":"<p>El sol de este verano que se hace cruento permiti\u00f3 desde la tarde del mi\u00e9rcoles empezar a calcular de alguna manera la afecci\u00f3n de tanta agua en uno de los sectores productivos m\u00e1s importantes a nivel nacional<\/p>\n","protected":false},"author":5,"featured_media":0,"comment_status":"open","ping_status":"open","sticky":false,"template":"","format":"standard","meta":[],"categories":[42],"tags":[2822,523,3452,406],"_links":{"self":[{"href":"http:\/\/rurallascolonias.com.ar\/index.php?rest_route=\/wp\/v2\/posts\/13139"}],"collection":[{"href":"http:\/\/rurallascolonias.com.ar\/index.php?rest_route=\/wp\/v2\/posts"}],"about":[{"href":"http:\/\/rurallascolonias.com.ar\/index.php?rest_route=\/wp\/v2\/types\/post"}],"author":[{"embeddable":true,"href":"http:\/\/rurallascolonias.com.ar\/index.php?rest_route=\/wp\/v2\/users\/5"}],"replies":[{"embeddable":true,"href":"http:\/\/rurallascolonias.com.ar\/index.php?rest_route=%2Fwp%2Fv2%2Fcomments&post=13139"}],"version-history":[{"count":1,"href":"http:\/\/rurallascolonias.com.ar\/index.php?rest_route=\/wp\/v2\/posts\/13139\/revisions"}],"predecessor-version":[{"id":13141,"href":"http:\/\/rurallascolonias.com.ar\/index.php?rest_route=\/wp\/v2\/posts\/13139\/revisions\/13141"}],"wp:attachment":[{"href":"http:\/\/rurallascolonias.com.ar\/index.php?rest_route=%2Fwp%2Fv2%2Fmedia&parent=13139"}],"wp:term":[{"taxonomy":"category","embeddable":true,"href":"http:\/\/rurallascolonias.com.ar\/index.php?rest_route=%2Fwp%2Fv2%2Fcategories&post=13139"},{"taxonomy":"post_tag","embeddable":true,"href":"http:\/\/rurallascolonias.com.ar\/index.php?rest_route=%2Fwp%2Fv2%2Ftags&post=13139"}],"curies":[{"name":"wp","href":"https:\/\/api.w.org\/{rel}","templated":true}]}}