{"id":13133,"date":"2017-01-05T10:40:10","date_gmt":"2017-01-05T10:40:10","guid":{"rendered":"http:\/\/rurallascolonias.com.ar\/?p=13133"},"modified":"2017-01-05T16:47:45","modified_gmt":"2017-01-05T16:47:45","slug":"contigiani-la-decision-politica-es-que-no-se-nos-caiga-ni-un-tambo","status":"publish","type":"post","link":"http:\/\/rurallascolonias.com.ar\/?p=13133","title":{"rendered":"Contigiani: \u201cLa decisi\u00f3n pol\u00edtica es que no se nos caiga ni un tambo\u201d"},"content":{"rendered":"<p><strong><em><a href=\"http:\/\/rurallascolonias.com.ar\/?attachment_id=9432\" rel=\"attachment wp-att-9432\"><img loading=\"lazy\" class=\"aligncenter size-full wp-image-9432\" src=\"http:\/\/rurallascolonias.com.ar\/wp-content\/uploads\/2016\/01\/inundaciones-5.jpg\" alt=\"inundaciones 5\" width=\"272\" height=\"185\" \/><\/a>El ministro de la producci\u00f3n sostuvo que la situaci\u00f3n de la cuenca l\u00e1ctea santafesina es desoladora. \u201cVamos a prorrogar la emergencia agropecuaria en algunos sectores de la provincia\u201d, remarc\u00f3<\/em><\/strong><!--more--><\/p>\n<p>Luis Contigiani, ministro de la producci\u00f3n de Santa Fe, expres\u00f3 que \u201cla situaci\u00f3n en un sector de la provincia es similar a la de abril y mayo del a\u00f1o pasado. Los sectores complicados son una regi\u00f3n del departamento General L\u00f3pez, un sector del departamento San Mart\u00edn, la ruta 70 hasta Ramona, una franja de Las Colonias, un pedacito de San Crist\u00f3bal y algunos campos del departamento La Capital y Rosario\u201d.<\/p>\n<p>Adem\u00e1s, Luis Contigiani agreg\u00f3 que \u201cla situaci\u00f3n en la cuenca l\u00e1ctea es desoladora porque vienen acumulando muchos golpes seguidos. la decisi\u00f3n pol\u00edtica de la provincia es que no se caiga ning\u00fan tambo. Vamos a hacer lo imposible para cumplir este objetivo\u201d.<\/p>\n<p>\u201cUno de los temas que hay que poner en agenda es el l\u00edmite de un r\u00e9gimen agr\u00edcola que ya no es sustentable para el clima imperante. Nuestro suelo est\u00e1 preparado para absorber 500 mm de agua al a\u00f1o y algunos sectores de la provincia llovi\u00f3 1500 mm. Hay que volver al r\u00e9gimen de 4 cultivos con inclusi\u00f3n de la ganader\u00eda. No puede ser que en algunos lugares s\u00f3lo se siembre uno o dos cultivos\u201d, subray\u00f3 el ministro de la producci\u00f3n de Santa Fe.<\/p>\n<p>Consultado sobre qu\u00e9 dice el INTA o el servicio meteorol\u00f3gico, Luis Contigiani explic\u00f3 que \u201cnos dicen que este es un evento extraordinario que no tienen que ver con el pac\u00edfico. Hoy, la ni\u00f1a est\u00e1 en una situaci\u00f3n neutra. Por este motivo, los r\u00edos est\u00e1n tranquilos\u201d.<\/p>\n<p>Finalmente, el ministro de la producci\u00f3n de Santa Fe anunci\u00f3 que \u201cvamos a trabajar para extender la emergencia agropecuaria en algunos sectores de la provincia\u201d.<\/p>\n<p>http:\/\/www.sinmordaza.com<\/p>\n","protected":false},"excerpt":{"rendered":"<p>El ministro de la producci\u00f3n sostuvo que la situaci\u00f3n de la cuenca l\u00e1ctea santafesina es desoladora. \u201cVamos a prorrogar la emergencia agropecuaria en algunos sectores de la provincia\u201d, remarc\u00f3<\/p>\n","protected":false},"author":5,"featured_media":0,"comment_status":"open","ping_status":"open","sticky":false,"template":"","format":"standard","meta":[],"categories":[42,33,1393],"tags":[2635,2625,768,1157],"_links":{"self":[{"href":"http:\/\/rurallascolonias.com.ar\/index.php?rest_route=\/wp\/v2\/posts\/13133"}],"collection":[{"href":"http:\/\/rurallascolonias.com.ar\/index.php?rest_route=\/wp\/v2\/posts"}],"about":[{"href":"http:\/\/rurallascolonias.com.ar\/index.php?rest_route=\/wp\/v2\/types\/post"}],"author":[{"embeddable":true,"href":"http:\/\/rurallascolonias.com.ar\/index.php?rest_route=\/wp\/v2\/users\/5"}],"replies":[{"embeddable":true,"href":"http:\/\/rurallascolonias.com.ar\/index.php?rest_route=%2Fwp%2Fv2%2Fcomments&post=13133"}],"version-history":[{"count":1,"href":"http:\/\/rurallascolonias.com.ar\/index.php?rest_route=\/wp\/v2\/posts\/13133\/revisions"}],"predecessor-version":[{"id":13134,"href":"http:\/\/rurallascolonias.com.ar\/index.php?rest_route=\/wp\/v2\/posts\/13133\/revisions\/13134"}],"wp:attachment":[{"href":"http:\/\/rurallascolonias.com.ar\/index.php?rest_route=%2Fwp%2Fv2%2Fmedia&parent=13133"}],"wp:term":[{"taxonomy":"category","embeddable":true,"href":"http:\/\/rurallascolonias.com.ar\/index.php?rest_route=%2Fwp%2Fv2%2Fcategories&post=13133"},{"taxonomy":"post_tag","embeddable":true,"href":"http:\/\/rurallascolonias.com.ar\/index.php?rest_route=%2Fwp%2Fv2%2Ftags&post=13133"}],"curies":[{"name":"wp","href":"https:\/\/api.w.org\/{rel}","templated":true}]}}