{"id":13129,"date":"2017-01-05T16:34:56","date_gmt":"2017-01-05T16:34:56","guid":{"rendered":"http:\/\/rurallascolonias.com.ar\/?p=13129"},"modified":"2017-01-05T16:34:56","modified_gmt":"2017-01-05T16:34:56","slug":"sintesis-de-la-reunion-de-la-comision-de-emergencia-agropecuaria-2","status":"publish","type":"post","link":"http:\/\/rurallascolonias.com.ar\/?p=13129","title":{"rendered":"SINTESIS DE LA REUNI\u00d3N DE LA COMISI\u00d3N DE EMERGENCIA AGROPECUARIA"},"content":{"rendered":"<p><em><strong><a href=\"http:\/\/rurallascolonias.com.ar\/?attachment_id=392\" rel=\"attachment wp-att-392\"><img loading=\"lazy\" class=\"alignleft size-full wp-image-392\" src=\"http:\/\/rurallascolonias.com.ar\/wp-content\/uploads\/2013\/12\/Carsfe-2.png\" alt=\"Carsfe 2\" width=\"251\" height=\"183\" \/><\/a>Se reuni\u00f3n ayer la Comisi\u00f3n Provincial de Emergencia Agropecuaria en el Ministerio de la Producci\u00f3n, reuni\u00f3n solicitada oportunamente por nuestra Confederaci\u00f3n, donde se resolvi\u00f3 prorrogar la declaraci\u00f3n de emergencia agropecuaria, dictada a ra\u00edz de la crisis h\u00eddrica de abril de 2015 y que venci\u00f3 el 31 de diciembre pasado, al t\u00e9rmino del encuentro se decidi\u00f3 extender los beneficios de la emergencia por los pr\u00f3ximos 180 d\u00edas, propuesta realizada por\u00a0 Carsfe, ya que dicha emergencia, ya cuenta con la homologaci\u00f3n Nacional y permitir a aquellos productores que no tramitaran los certificados antes del 31 de Diciembre, lo puedan hacer en este per\u00edodo<\/strong><\/em><!--more--><\/p>\n<p>&nbsp;<\/p>\n<p>El eje del encuentro estuvo marcado por el da\u00f1o que causan las lluvias que se suceden desde el 23 de diciembre \u00faltimo. Los mil\u00edmetros acumulados -entre 300 y 500, seg\u00fan la zona- inundaron vastas \u00e1reas de la Provincia.<\/p>\n<p>&nbsp;<\/p>\n<p>Con el antecedente de la crisis h\u00eddrica de abril, los principales reclamos fueron:<\/p>\n<p>&nbsp;<\/p>\n<ul>\n<li>La falta de infraestructura (canales y red vial) y de planificaci\u00f3n para afrontar estos fen\u00f3menos que se repiten cada vez con m\u00e1s continuidad.<\/li>\n<li>La falta de respuestas de la Empresa Provincial de la Energ\u00eda (EPE) para restablecer el fluido el\u00e9ctrico, que en una amplia zona rural permanece interrumpido.<\/li>\n<li>La demora en el otorgamiento de los Certificados de Emergencia, que complica a los productores ante el AFIP y API.<\/li>\n<li>Tambi\u00e9n se solicit\u00f3 al ejecutivo, que gestione y recomiende un trato m\u00e1s contemplativo del fisco, tanto comunal\/municipal, provincial y nacional, hacia los productores damnificados.<\/li>\n<\/ul>\n<p>&nbsp;<\/p>\n<p>Particip\u00f3 por Carsfe, su Delegado en la Comisi\u00f3n de Emergencia Provincial, Dr. Francisco Mayoraz.<\/p>\n","protected":false},"excerpt":{"rendered":"<p>Se reuni\u00f3n ayer la Comisi\u00f3n Provincial de Emergencia Agropecuaria en el Ministerio de la Producci\u00f3n, reuni\u00f3n solicitada oportunamente por nuestra Confederaci\u00f3n, donde se resolvi\u00f3 prorrogar la declaraci\u00f3n de emergencia agropecuaria, dictada a ra\u00edz de la crisis h\u00eddrica de abril de 2015 y que venci\u00f3 el 31 de diciembre pasado, al t\u00e9rmino del encuentro se decidi\u00f3 [&hellip;]<\/p>\n","protected":false},"author":5,"featured_media":0,"comment_status":"open","ping_status":"open","sticky":false,"template":"","format":"standard","meta":[],"categories":[42],"tags":[3447,74,3446],"_links":{"self":[{"href":"http:\/\/rurallascolonias.com.ar\/index.php?rest_route=\/wp\/v2\/posts\/13129"}],"collection":[{"href":"http:\/\/rurallascolonias.com.ar\/index.php?rest_route=\/wp\/v2\/posts"}],"about":[{"href":"http:\/\/rurallascolonias.com.ar\/index.php?rest_route=\/wp\/v2\/types\/post"}],"author":[{"embeddable":true,"href":"http:\/\/rurallascolonias.com.ar\/index.php?rest_route=\/wp\/v2\/users\/5"}],"replies":[{"embeddable":true,"href":"http:\/\/rurallascolonias.com.ar\/index.php?rest_route=%2Fwp%2Fv2%2Fcomments&post=13129"}],"version-history":[{"count":1,"href":"http:\/\/rurallascolonias.com.ar\/index.php?rest_route=\/wp\/v2\/posts\/13129\/revisions"}],"predecessor-version":[{"id":13130,"href":"http:\/\/rurallascolonias.com.ar\/index.php?rest_route=\/wp\/v2\/posts\/13129\/revisions\/13130"}],"wp:attachment":[{"href":"http:\/\/rurallascolonias.com.ar\/index.php?rest_route=%2Fwp%2Fv2%2Fmedia&parent=13129"}],"wp:term":[{"taxonomy":"category","embeddable":true,"href":"http:\/\/rurallascolonias.com.ar\/index.php?rest_route=%2Fwp%2Fv2%2Fcategories&post=13129"},{"taxonomy":"post_tag","embeddable":true,"href":"http:\/\/rurallascolonias.com.ar\/index.php?rest_route=%2Fwp%2Fv2%2Ftags&post=13129"}],"curies":[{"name":"wp","href":"https:\/\/api.w.org\/{rel}","templated":true}]}}