{"id":13112,"date":"2017-01-03T10:35:29","date_gmt":"2017-01-03T10:35:29","guid":{"rendered":"http:\/\/rurallascolonias.com.ar\/?p=13112"},"modified":"2017-01-03T17:50:39","modified_gmt":"2017-01-03T17:50:39","slug":"zona-rural-sin-energia-anegamiento-de-caminos-impide-a-la-epe-dar-solucion","status":"publish","type":"post","link":"http:\/\/rurallascolonias.com.ar\/?p=13112","title":{"rendered":"Zona rural sin energ\u00eda: anegamiento de caminos impide a la EPE dar soluci\u00f3n"},"content":{"rendered":"<p><strong><em><a href=\"http:\/\/rurallascolonias.com.ar\/?attachment_id=13113\" rel=\"attachment wp-att-13113\"><img loading=\"lazy\" class=\"aligncenter wp-image-13113 size-medium\" src=\"http:\/\/rurallascolonias.com.ar\/wp-content\/uploads\/2017\/01\/caminos-rurales-inundados-300x123.jpg\" alt=\"caminos-rurales-inundados\" width=\"300\" height=\"123\" srcset=\"http:\/\/rurallascolonias.com.ar\/wp-content\/uploads\/2017\/01\/caminos-rurales-inundados-300x123.jpg 300w, http:\/\/rurallascolonias.com.ar\/wp-content\/uploads\/2017\/01\/caminos-rurales-inundados-600x245.jpg 600w, http:\/\/rurallascolonias.com.ar\/wp-content\/uploads\/2017\/01\/caminos-rurales-inundados.jpg 614w\" sizes=\"(max-width: 300px) 100vw, 300px\" \/><\/a>El referente de la Empresa Provincial de la Energ\u00eda (EPE), Daniel Gren\u00f3n, inform\u00f3 que durante el domingo 1\u00b0 de enero \u201chubo entre 200 y 300 reclamos\u201d por cables cortados y falta de electricidad en Esperanza, debido al temporal; pero \u201cla mayor preocupaci\u00f3n es la zona rural\u201d por la imposibilidad de ingresar a solucionar los diversos inconvenientes debido al anegamiento de los caminos<\/em><\/strong><!--more--><\/p>\n<p>\u201cLa zona rural tiene pron\u00f3stico reservado y estamos en una situaci\u00f3n bastante desbordada\u201d, grafic\u00f3.<\/p>\n<p>En di\u00e1logo con la <strong>CSC Radio<\/strong>, Gren\u00f3n indic\u00f3 que \u201cel viento y la tierra floja hicieron que los \u00e1rboles caigan y a este lunes tiene un pron\u00f3stico reservado la zona rural que est\u00e1 afectada en diversos lugares\u201d. \u201cEn la parte urbana el personal trabaj\u00f3 durante todo el d\u00eda hasta pasadas las 20 horas, pese a ser el primero de a\u00f1o, y este lunes nuevamente se est\u00e1 trabajando por lo cual est\u00e1n bastante cubiertas las fallas\u201d, describi\u00f3.<\/p>\n<p>No obstante, reconoci\u00f3 que \u201cla zona rural nos tiene muy preocupados porque la perspectiva es que las lluvias van a seguir y tenemos varias l\u00edneas afectadas\u201d y sumado a ello \u201cestamos atados de pies y manos porque no contamos con los elementos necesarios para ingresar\u201d. Coment\u00f3 que \u201cla misma situaci\u00f3n se da en otras zonas de la regi\u00f3n, como San Jer\u00f3nimo y San Carlos, donde la cantidad de agua ca\u00edda fue muy grande y eso nos priva de poder entrar a trabajar\u201d.<\/p>\n<p>A la hora de brindar un panorama, detall\u00f3 que \u201chay problemas en lo que llamamos la estancia de Hessel, con \u00e1rboles ca\u00eddos en el camino de ingreso; en la zona detr\u00e1s del Tiro Federal se intentar\u00e1 ingresar por el camino ripiado para solucionar parte del problema existente; y hacia el este de Paso Vinal \u2013el conocido como la y griega de Motura- hay cinco postes tirados en el piso lo cual es imposible recuperarlos este lunes\u201d.<\/p>\n<p>Agreg\u00f3 que \u201cen la zona de Pujato hay problemas en un reconectador donde se trabaj\u00f3 este lunes para encontrar la falla y normalizar la zona para que la menor cantidad de gente quede sin luz\u201d y \u201cen la zona de Esperanza hubo inconvenientes en la l\u00ednea de media tensi\u00f3n, que llev\u00f3 un buen tiempo solucionar, y adem\u00e1s casos puntuales de cables cortados y bajadas que totalizaron entre 200 y 300 reclamos que se solucionaron en su totalidad\u201d.<\/p>\n<p>Sostuvo que \u201clo preocupante es la zona rural y la continuidad del pron\u00f3stico de lluvias, por lo cual se inform\u00f3 de la situaci\u00f3n al directorio de la empresa para que se decida en forma gubernamental de qu\u00e9 forma tratar esta emergencia\u201d. \u201cEstamos en una situaci\u00f3n bastante desbordada porque no se puede circular en los caminos con ninguno de los veh\u00edculos que tenemos y habr\u00e1 que ver si la Municipalidad nos brinda una mano aportando un tractor con acoplado para empezar a recorrer los caminos rurales e ir tratando de solucionar algo, aunque sabemos que no ser\u00e1 mucho\u201d, sostuvo.<\/p>\n<p>A\u00f1adi\u00f3 que \u201chay gente muy cercana al casco urbano pero que se alimenta de forma rural que est\u00e1 exigiendo que se solucionen los cortes de luz pero estamos absolutamente limitados porque las l\u00edneas de alimentaci\u00f3n a estos usuarios viene a trav\u00e9s de la rural, y mientras no podamos ingresar estamos atados de pies y manos\u201d.<\/p>\n<p>Por otra parte, se\u00f1al\u00f3 que si bien hubo altos consumos con los d\u00edas de intenso calor pero \u201cno se registran los consumos del a\u00f1o pasado e incluso hubo un 20 por ciento menos de consumo en el mismo periodo del a\u00f1o anterior en pleno verano\u201d. \u201cNo se sabe si por el condicionamiento de la tarifa o porque la gente ha tomado algo de conciencia y est\u00e1 gastando menos en refrigeraci\u00f3n, pero hasta el momento el consumo no lleg\u00f3 a valores anteriores\u201d, analiz\u00f3.<\/p>\n<p>Por \u00faltimo pidi\u00f3 \u201cpaciencia a los vecinos y usuarios\u201d que a\u00fan padecen inconvenientes y falta del servicio.<\/p>\n<p>EDXD<\/p>\n","protected":false},"excerpt":{"rendered":"<p>El referente de la Empresa Provincial de la Energ\u00eda (EPE), Daniel Gren\u00f3n, inform\u00f3 que durante el domingo 1\u00b0 de enero \u201chubo entre 200 y 300 reclamos\u201d por cables cortados y falta de electricidad en Esperanza, debido al temporal; pero \u201cla mayor preocupaci\u00f3n es la zona rural\u201d por la imposibilidad de ingresar a solucionar los diversos [&hellip;]<\/p>\n","protected":false},"author":5,"featured_media":0,"comment_status":"open","ping_status":"open","sticky":false,"template":"","format":"standard","meta":[],"categories":[14],"tags":[3210,3441,3442,1871],"_links":{"self":[{"href":"http:\/\/rurallascolonias.com.ar\/index.php?rest_route=\/wp\/v2\/posts\/13112"}],"collection":[{"href":"http:\/\/rurallascolonias.com.ar\/index.php?rest_route=\/wp\/v2\/posts"}],"about":[{"href":"http:\/\/rurallascolonias.com.ar\/index.php?rest_route=\/wp\/v2\/types\/post"}],"author":[{"embeddable":true,"href":"http:\/\/rurallascolonias.com.ar\/index.php?rest_route=\/wp\/v2\/users\/5"}],"replies":[{"embeddable":true,"href":"http:\/\/rurallascolonias.com.ar\/index.php?rest_route=%2Fwp%2Fv2%2Fcomments&post=13112"}],"version-history":[{"count":1,"href":"http:\/\/rurallascolonias.com.ar\/index.php?rest_route=\/wp\/v2\/posts\/13112\/revisions"}],"predecessor-version":[{"id":13114,"href":"http:\/\/rurallascolonias.com.ar\/index.php?rest_route=\/wp\/v2\/posts\/13112\/revisions\/13114"}],"wp:attachment":[{"href":"http:\/\/rurallascolonias.com.ar\/index.php?rest_route=%2Fwp%2Fv2%2Fmedia&parent=13112"}],"wp:term":[{"taxonomy":"category","embeddable":true,"href":"http:\/\/rurallascolonias.com.ar\/index.php?rest_route=%2Fwp%2Fv2%2Fcategories&post=13112"},{"taxonomy":"post_tag","embeddable":true,"href":"http:\/\/rurallascolonias.com.ar\/index.php?rest_route=%2Fwp%2Fv2%2Ftags&post=13112"}],"curies":[{"name":"wp","href":"https:\/\/api.w.org\/{rel}","templated":true}]}}