{"id":13096,"date":"2017-01-02T18:08:59","date_gmt":"2017-01-02T18:08:59","guid":{"rendered":"http:\/\/rurallascolonias.com.ar\/?p=13096"},"modified":"2017-01-02T18:08:59","modified_gmt":"2017-01-02T18:08:59","slug":"el-ano-comenzo-con-una-fuerte-tormenta-en-la-region","status":"publish","type":"post","link":"http:\/\/rurallascolonias.com.ar\/?p=13096","title":{"rendered":"El a\u00f1o comenz\u00f3 con una fuerte tormenta en la regi\u00f3n"},"content":{"rendered":"<p><em><strong><a href=\"http:\/\/rurallascolonias.com.ar\/?attachment_id=13097\" rel=\"attachment wp-att-13097\"><img loading=\"lazy\" class=\"aligncenter wp-image-13097 size-medium\" src=\"http:\/\/rurallascolonias.com.ar\/wp-content\/uploads\/2017\/01\/IMG-20170101-WA0018-300x169.jpg\" alt=\"img-20170101-wa0018\" width=\"300\" height=\"169\" srcset=\"http:\/\/rurallascolonias.com.ar\/wp-content\/uploads\/2017\/01\/IMG-20170101-WA0018-300x169.jpg 300w, http:\/\/rurallascolonias.com.ar\/wp-content\/uploads\/2017\/01\/IMG-20170101-WA0018-768x432.jpg 768w, http:\/\/rurallascolonias.com.ar\/wp-content\/uploads\/2017\/01\/IMG-20170101-WA0018-1024x576.jpg 1024w, http:\/\/rurallascolonias.com.ar\/wp-content\/uploads\/2017\/01\/IMG-20170101-WA0018-600x338.jpg 600w, http:\/\/rurallascolonias.com.ar\/wp-content\/uploads\/2017\/01\/IMG-20170101-WA0018-624x351.jpg 624w, http:\/\/rurallascolonias.com.ar\/wp-content\/uploads\/2017\/01\/IMG-20170101-WA0018.jpg 1280w\" sizes=\"(max-width: 300px) 100vw, 300px\" \/><\/a>Voladuras de techos y ca\u00eddas de \u00e1rboles en distintos puntos de la ciudad y la regi\u00f3n fue la consecuencia directa del intenso viento que lleg\u00f3 con el temporal de la madrugada<\/strong><\/em><!--more--><\/p>\n<p>La ruta 70 estuvo cortada por la ca\u00edda de un \u00e1rbol. La lluvia registrada en el centro de Esperanza lleg\u00f3 a 20 mm.<\/p>\n<p><a href=\"http:\/\/rurallascolonias.com.ar\/?attachment_id=13098\" rel=\"attachment wp-att-13098\"><img loading=\"lazy\" class=\"aligncenter wp-image-13098 size-medium\" src=\"http:\/\/rurallascolonias.com.ar\/wp-content\/uploads\/2017\/01\/IMG-20170101-WA0028-169x300.jpg\" alt=\"img-20170101-wa0028\" width=\"169\" height=\"300\" srcset=\"http:\/\/rurallascolonias.com.ar\/wp-content\/uploads\/2017\/01\/IMG-20170101-WA0028-169x300.jpg 169w, http:\/\/rurallascolonias.com.ar\/wp-content\/uploads\/2017\/01\/IMG-20170101-WA0028-576x1024.jpg 576w, http:\/\/rurallascolonias.com.ar\/wp-content\/uploads\/2017\/01\/IMG-20170101-WA0028.jpg 585w\" sizes=\"(max-width: 169px) 100vw, 169px\" \/><\/a>Despu\u00e9s de las 6 de la ma\u00f1ana de este 1\u00ba de enero la regi\u00f3n recibi\u00f3 las consecuencias de una tormenta de intensidad con fuertes r\u00e1fagas de viento y lluvia. Las condiciones previas mostraban la inestabilidad del clima ya que el s\u00e1bado llegamos a los 40 grados de temperatura con mucha humedad y alta sensaci\u00f3n t\u00e9rmica.<\/p>\n<p>Desde la noche del s\u00e1bado el Servicio Meteorol\u00f3gico Nacional incluy\u00f3 al centro de la provincia de Santa Fe en la zona abarcada por el Alerta Meteorol\u00f3gico y as\u00ed fue como lleg\u00f3 la tormenta a nuestra zona<\/p>\n<p>Las consecuencias obligaron a la intervenci\u00f3n de diferentes servicios de emergencias. Ramas y \u00e1rboles ca\u00eddos en la ciudad y en la regi\u00f3n produjeron cortes de cables e inconvenientes en el tr\u00e1nsito vehicular.<\/p>\n<p>&nbsp;<\/p>\n<p><a href=\"http:\/\/rurallascolonias.com.ar\/?attachment_id=13099\" rel=\"attachment wp-att-13099\"><img loading=\"lazy\" class=\"aligncenter wp-image-13099 size-medium\" src=\"http:\/\/rurallascolonias.com.ar\/wp-content\/uploads\/2017\/01\/IMG-20170101-WA0021-300x180.jpg\" alt=\"img-20170101-wa0021\" width=\"300\" height=\"180\" srcset=\"http:\/\/rurallascolonias.com.ar\/wp-content\/uploads\/2017\/01\/IMG-20170101-WA0021-300x180.jpg 300w, http:\/\/rurallascolonias.com.ar\/wp-content\/uploads\/2017\/01\/IMG-20170101-WA0021-768x461.jpg 768w, http:\/\/rurallascolonias.com.ar\/wp-content\/uploads\/2017\/01\/IMG-20170101-WA0021-1024x614.jpg 1024w, http:\/\/rurallascolonias.com.ar\/wp-content\/uploads\/2017\/01\/IMG-20170101-WA0021-600x360.jpg 600w, http:\/\/rurallascolonias.com.ar\/wp-content\/uploads\/2017\/01\/IMG-20170101-WA0021-624x374.jpg 624w, http:\/\/rurallascolonias.com.ar\/wp-content\/uploads\/2017\/01\/IMG-20170101-WA0021.jpg 1280w\" sizes=\"(max-width: 300px) 100vw, 300px\" \/><\/a>En la ruta 70 al Oeste de Esperanza, unos 500 metros antes del l\u00edmite urbano de la ciudad que marca el Camino Rural 12 un gigantesco eucaliptus cay\u00f3 sobre la ruta provincial y oblig\u00f3 a cortar el tr\u00e1nsito en el lugar. Personal del Corredor Vial 9 y Bomberos Voluntarios trabajaron para el corte de las ramas y la liberaci\u00f3n del tr\u00e1nsito.<\/p>\n<p>&nbsp;<\/p>\n<p>Cuadrillas municipales tambi\u00e9n trabajaron junto al personal del Corredor Vial 9 en la remoci\u00f3n de ramas de un \u00e1rbol ca\u00eddo al Este de Esperanza entre el Arco de la Colonizaci\u00f3n y el Bar Copes, zona de casas quintas de la ciudad.<\/p>\n<p>&nbsp;<\/p>\n<p>Tambi\u00e9n se produjeron inconvenientes en construcciones privadas tal como sucedi\u00f3 en el local comercial de Muebler\u00eda Massi, sobre ruta 70, donde el techo de la zona de dep\u00f3sito se desprendi\u00f3 y ocasion\u00f3 importantes da\u00f1os en la estructura pero no lesiones personales.<\/p>\n<p>&nbsp;<\/p>\n<p>Los inconvenientes se produjeron en otras localidades de la provincia como Rafaela y Santa Fe donde la cantidad de agua ca\u00edda fue m\u00e1s importante. Tambi\u00e9n en otras localidades m\u00e1s peque\u00f1as se registraron anegamientos, cuesti\u00f3n que no se repiti\u00f3 en nuestra ciudad ya que la cantidad de agua ca\u00edda no fue importante.<\/p>\n<p>&nbsp;<\/p>\n<p>La tormenta no afect\u00f3 con grandes consecuencias a la ciudad aunque se debe mencionar que se cont\u00f3 con un poco de suerte. Despu\u00e9s de las 6 de la ma\u00f1ana cuando lleg\u00f3 el frente de tormenta dos fiestas al aire libre que estaban desarroll\u00e1ndose en diferentes lugares debieron interrumpirse abr\u00faptamente lo que oblig\u00f3 a que cientos de personas se trasladaran en autos, motos y caminando por las calles de la ciudad cuando lo m\u00e1s intenso y peligroso del fen\u00f3meno se estaba desarrollando. No se registran heridos por estos incidentes.<\/p>\n","protected":false},"excerpt":{"rendered":"<p>Voladuras de techos y ca\u00eddas de \u00e1rboles en distintos puntos de la ciudad y la regi\u00f3n fue la consecuencia directa del intenso viento que lleg\u00f3 con el temporal de la madrugada<\/p>\n","protected":false},"author":5,"featured_media":0,"comment_status":"open","ping_status":"open","sticky":false,"template":"","format":"standard","meta":[],"categories":[40],"tags":[955,752],"_links":{"self":[{"href":"http:\/\/rurallascolonias.com.ar\/index.php?rest_route=\/wp\/v2\/posts\/13096"}],"collection":[{"href":"http:\/\/rurallascolonias.com.ar\/index.php?rest_route=\/wp\/v2\/posts"}],"about":[{"href":"http:\/\/rurallascolonias.com.ar\/index.php?rest_route=\/wp\/v2\/types\/post"}],"author":[{"embeddable":true,"href":"http:\/\/rurallascolonias.com.ar\/index.php?rest_route=\/wp\/v2\/users\/5"}],"replies":[{"embeddable":true,"href":"http:\/\/rurallascolonias.com.ar\/index.php?rest_route=%2Fwp%2Fv2%2Fcomments&post=13096"}],"version-history":[{"count":1,"href":"http:\/\/rurallascolonias.com.ar\/index.php?rest_route=\/wp\/v2\/posts\/13096\/revisions"}],"predecessor-version":[{"id":13100,"href":"http:\/\/rurallascolonias.com.ar\/index.php?rest_route=\/wp\/v2\/posts\/13096\/revisions\/13100"}],"wp:attachment":[{"href":"http:\/\/rurallascolonias.com.ar\/index.php?rest_route=%2Fwp%2Fv2%2Fmedia&parent=13096"}],"wp:term":[{"taxonomy":"category","embeddable":true,"href":"http:\/\/rurallascolonias.com.ar\/index.php?rest_route=%2Fwp%2Fv2%2Fcategories&post=13096"},{"taxonomy":"post_tag","embeddable":true,"href":"http:\/\/rurallascolonias.com.ar\/index.php?rest_route=%2Fwp%2Fv2%2Ftags&post=13096"}],"curies":[{"name":"wp","href":"https:\/\/api.w.org\/{rel}","templated":true}]}}