{"id":13072,"date":"2016-12-30T10:00:15","date_gmt":"2016-12-30T10:00:15","guid":{"rendered":"http:\/\/rurallascolonias.com.ar\/?p=13072"},"modified":"2016-12-30T17:24:16","modified_gmt":"2016-12-30T17:24:16","slug":"calor-agobiante-hasta-el-lunes","status":"publish","type":"post","link":"http:\/\/rurallascolonias.com.ar\/?p=13072","title":{"rendered":"Calor agobiante hasta el lunes"},"content":{"rendered":"<h3><em><a href=\"http:\/\/rurallascolonias.com.ar\/?attachment_id=5984\" rel=\"attachment wp-att-5984\"><img loading=\"lazy\" class=\"aligncenter size-full wp-image-5984\" src=\"http:\/\/rurallascolonias.com.ar\/wp-content\/uploads\/2015\/03\/ola-de-calor.png\" alt=\"ola de calor\" width=\"294\" height=\"171\" \/><\/a>Los especialistas indicaron que la masa de aire tropical que se sostiene sobre la franja central del pa\u00eds, se extender\u00e1 hasta el pr\u00f3ximo lunes, cuando vuelvan las precipitaciones<\/em><\/h3>\n<p><!--more--><\/p>\n<p><span class=\"vw-dropcap vw-dropcap-standard\">L<\/span>a masa de aire tropical con alto contenido de humedad que se sostiene sobre la franja central del pa\u00eds, encontr\u00f3 en la convecci\u00f3n vespertina de la tarde de ayer, condiciones para desarrollar nubosidad principalmente sobre el centro sur de Santa Fe y las vecindades de Entre R\u00edos.<\/p>\n<p>Estas nubes lograron con el enfriamiento nocturno un mayor grado de condensaci\u00f3n favorecidas por la alta disponibilidad de vapor de agua.<\/p>\n<p>A partir de hoy las temperaturas despegan hacia arriba para configurar un ambiente agobiante que se consolida durante gran parte del fin de semana y la transici\u00f3n interanual.<\/p>\n<p>Sin embargo y dado que esta regi\u00f3n del pa\u00eds no comparte las caracter\u00edsticas h\u00famedas de la masa de aire que se presenta sobre el centro del pa\u00eds, el potencial pluvial seguir\u00e1 siendo muy pobre.<\/p>\n<p>Por otra parte, se perfila un comienzo peligroso de la pr\u00f3xima semana para las zonas que \u00faltimamente han recibido lluvias excesivas. Ya desde el domingo se insin\u00faan precipitaciones que van creciendo en sus registros durante lunes y martes.<\/p>\n<p>El norte de Buenos Aires, el sur entrerriano y el centro sur de Santa Fe, son candidatos a ser epicentro de milimetrajes que de tan generosos ya se vuelven problem\u00e1ticos. Las lluvias se proyectar\u00edan hacia el oeste de la franja central con menor oferta de agua.<\/p>\n<p>Fuente: SMN\/CCA\/agrofyo<\/p>\n","protected":false},"excerpt":{"rendered":"<p>Los especialistas indicaron que la masa de aire tropical que se sostiene sobre la franja central del pa\u00eds, se extender\u00e1 hasta el pr\u00f3ximo lunes, cuando vuelvan las precipitaciones<\/p>\n","protected":false},"author":5,"featured_media":0,"comment_status":"open","ping_status":"open","sticky":false,"template":"","format":"standard","meta":[],"categories":[40],"tags":[185],"_links":{"self":[{"href":"http:\/\/rurallascolonias.com.ar\/index.php?rest_route=\/wp\/v2\/posts\/13072"}],"collection":[{"href":"http:\/\/rurallascolonias.com.ar\/index.php?rest_route=\/wp\/v2\/posts"}],"about":[{"href":"http:\/\/rurallascolonias.com.ar\/index.php?rest_route=\/wp\/v2\/types\/post"}],"author":[{"embeddable":true,"href":"http:\/\/rurallascolonias.com.ar\/index.php?rest_route=\/wp\/v2\/users\/5"}],"replies":[{"embeddable":true,"href":"http:\/\/rurallascolonias.com.ar\/index.php?rest_route=%2Fwp%2Fv2%2Fcomments&post=13072"}],"version-history":[{"count":1,"href":"http:\/\/rurallascolonias.com.ar\/index.php?rest_route=\/wp\/v2\/posts\/13072\/revisions"}],"predecessor-version":[{"id":13073,"href":"http:\/\/rurallascolonias.com.ar\/index.php?rest_route=\/wp\/v2\/posts\/13072\/revisions\/13073"}],"wp:attachment":[{"href":"http:\/\/rurallascolonias.com.ar\/index.php?rest_route=%2Fwp%2Fv2%2Fmedia&parent=13072"}],"wp:term":[{"taxonomy":"category","embeddable":true,"href":"http:\/\/rurallascolonias.com.ar\/index.php?rest_route=%2Fwp%2Fv2%2Fcategories&post=13072"},{"taxonomy":"post_tag","embeddable":true,"href":"http:\/\/rurallascolonias.com.ar\/index.php?rest_route=%2Fwp%2Fv2%2Ftags&post=13072"}],"curies":[{"name":"wp","href":"https:\/\/api.w.org\/{rel}","templated":true}]}}