{"id":13057,"date":"2016-12-29T10:31:32","date_gmt":"2016-12-29T10:31:32","guid":{"rendered":"http:\/\/rurallascolonias.com.ar\/?p=13057"},"modified":"2016-12-29T16:34:04","modified_gmt":"2016-12-29T16:34:04","slug":"lluvias-comision-provincial-de-emergencia-agropecuaria-se-reunira-el-miercoles-para-evaluar-danos","status":"publish","type":"post","link":"http:\/\/rurallascolonias.com.ar\/?p=13057","title":{"rendered":"Lluvias: Comisi\u00f3n Provincial de Emergencia Agropecuaria se reunir\u00e1 el mi\u00e9rcoles para evaluar da\u00f1os"},"content":{"rendered":"<h2><em><a href=\"http:\/\/rurallascolonias.com.ar\/?attachment_id=1876\" rel=\"attachment wp-att-1876\"><img loading=\"lazy\" class=\"aligncenter size-full wp-image-1876\" src=\"http:\/\/rurallascolonias.com.ar\/wp-content\/uploads\/2014\/03\/emergencia-agropecuaria-3.jpg\" alt=\"emergencia agropecuaria 3\" width=\"259\" height=\"194\" \/><\/a>Por pedido de CARSFE, el Gobierno de Santa Fe convoc\u00f3 a entidades para analizar el impacto de las lluvias en numerosas regiones de la provincia. En varios distritos cayeron m\u00e1s de 100 mil\u00edmetros<\/em><\/h2>\n<p><!--more--><\/p>\n<p>Las precipitaciones ocurridas en los \u00faltimos d\u00edas, en diversas regiones de la provincia, gener\u00f3 que CARSFE solicitara al Gobierno de Santa Fe que se convoque a la Comisi\u00f3n Provincial de Emergencia Agropecuaria.<\/p>\n<div><\/div>\n<div>La respuesta oficial lleg\u00f3 r\u00e1pidamente y el encuentro se llevar\u00e1 el pr\u00f3ximo mi\u00e9rcoles 4 de enero, a las 10 hs, en el Ministerio de la Producci\u00f3n. \u00abMuchas sociedades rurales nos han pedido que solicitemos la convocatoria de la Comisi\u00f3n y cumplimos con el mandato\u00bb, asegur\u00f3 Gustavo Vionnet en declaraciones al programa de radio ADN Rural.<\/div>\n<div><\/div>\n<div>En muchos distritos cayeron m\u00e1s de 100 mil\u00edmetros, anegando numerosos lotes y exponiendo las falencias existentes en materia de infraestructura.<\/div>\n<p class=\"p1 margin-top\"><strong>Fuente: Nuestro Agro<\/strong><\/p>\n","protected":false},"excerpt":{"rendered":"<p>Por pedido de CARSFE, el Gobierno de Santa Fe convoc\u00f3 a entidades para analizar el impacto de las lluvias en numerosas regiones de la provincia. En varios distritos cayeron m\u00e1s de 100 mil\u00edmetros<\/p>\n","protected":false},"author":5,"featured_media":0,"comment_status":"open","ping_status":"open","sticky":false,"template":"","format":"standard","meta":[],"categories":[42],"tags":[644,19],"_links":{"self":[{"href":"http:\/\/rurallascolonias.com.ar\/index.php?rest_route=\/wp\/v2\/posts\/13057"}],"collection":[{"href":"http:\/\/rurallascolonias.com.ar\/index.php?rest_route=\/wp\/v2\/posts"}],"about":[{"href":"http:\/\/rurallascolonias.com.ar\/index.php?rest_route=\/wp\/v2\/types\/post"}],"author":[{"embeddable":true,"href":"http:\/\/rurallascolonias.com.ar\/index.php?rest_route=\/wp\/v2\/users\/5"}],"replies":[{"embeddable":true,"href":"http:\/\/rurallascolonias.com.ar\/index.php?rest_route=%2Fwp%2Fv2%2Fcomments&post=13057"}],"version-history":[{"count":1,"href":"http:\/\/rurallascolonias.com.ar\/index.php?rest_route=\/wp\/v2\/posts\/13057\/revisions"}],"predecessor-version":[{"id":13058,"href":"http:\/\/rurallascolonias.com.ar\/index.php?rest_route=\/wp\/v2\/posts\/13057\/revisions\/13058"}],"wp:attachment":[{"href":"http:\/\/rurallascolonias.com.ar\/index.php?rest_route=%2Fwp%2Fv2%2Fmedia&parent=13057"}],"wp:term":[{"taxonomy":"category","embeddable":true,"href":"http:\/\/rurallascolonias.com.ar\/index.php?rest_route=%2Fwp%2Fv2%2Fcategories&post=13057"},{"taxonomy":"post_tag","embeddable":true,"href":"http:\/\/rurallascolonias.com.ar\/index.php?rest_route=%2Fwp%2Fv2%2Ftags&post=13057"}],"curies":[{"name":"wp","href":"https:\/\/api.w.org\/{rel}","templated":true}]}}