{"id":13034,"date":"2016-12-28T16:27:06","date_gmt":"2016-12-28T16:27:06","guid":{"rendered":"http:\/\/rurallascolonias.com.ar\/?p=13034"},"modified":"2016-12-28T17:15:45","modified_gmt":"2016-12-28T17:15:45","slug":"solicitud-al-ministerio-de-la-produccion-para-que-convoque-a-la-comision-provincial-de-emergencia-agropecuaria","status":"publish","type":"post","link":"http:\/\/rurallascolonias.com.ar\/?p=13034","title":{"rendered":"Solicitud al Ministerio de La Producci\u00f3n para que convoque a la Comisi\u00f3n Provincial de Emergencia Agropecuaria"},"content":{"rendered":"<p class=\"x_MsoNormal\"><b><span lang=\"ES-MX\"><a href=\"http:\/\/rurallascolonias.com.ar\/?attachment_id=2768\" rel=\"attachment wp-att-2768\"><img loading=\"lazy\" class=\"alignleft size-full wp-image-2768\" src=\"http:\/\/rurallascolonias.com.ar\/wp-content\/uploads\/2014\/06\/Carsfe.jpg\" alt=\"Carsfe\" width=\"306\" height=\"165\" srcset=\"http:\/\/rurallascolonias.com.ar\/wp-content\/uploads\/2014\/06\/Carsfe.jpg 306w, http:\/\/rurallascolonias.com.ar\/wp-content\/uploads\/2014\/06\/Carsfe-300x161.jpg 300w\" sizes=\"(max-width: 306px) 100vw, 306px\" \/><\/a><a href=\"http:\/\/rurallascolonias.com.ar\/?attachment_id=3367\" rel=\"attachment wp-att-3367\"><img loading=\"lazy\" class=\"alignright size-full wp-image-3367\" src=\"http:\/\/rurallascolonias.com.ar\/wp-content\/uploads\/2014\/07\/CRA.jpg\" alt=\"CRA\" width=\"185\" height=\"177\" \/><\/a><\/span><\/b><\/p>\n<p class=\"x_MsoNormal\">\n<p class=\"x_MsoNormal\">\n<p class=\"x_MsoNormal\">\n<p class=\"x_MsoNormal\">\n<p class=\"x_MsoNormal\">\n<p class=\"x_MsoNormal\"><em><b>Informamos \u00a0que hemos remitimos al Ministerio de la Producci\u00f3n, una solicitud de una urgente reuni\u00f3n de la Comisi\u00f3n Provincial de Emergencia Agropecuaria, (adjuntamos nota) para evaluar el estado en que se encuentra la provincia, ante la magnitud de las \u00faltimas tormentas<\/b><\/em><!--more--><\/p>\n<p class=\"x_MsoNormal\"><b>Por tal motivo, le solicitamos que nos env\u00eden a la brevedad los informes correspondientes a las \u00e1reas en emergencia y\/o desastre de vuestra zona, con los datos correspondientes de los distritos \u00a0y\u00a0 zonas afectadas, para contar con la informaci\u00f3n necesaria para dicha reuni\u00f3n.<\/b><\/p>\n<p class=\"x_MsoNormal\"><b>Sin otro particular, aprovechamos para saludarlo con nuestra mayor consideraci\u00f3n.-<\/b><\/p>\n<p class=\"x_MsoNormal\"><b><i>\u00a0\u00a0\u00a0 Dr. Ignacio M\u00e1ntaras\u00a0\u00a0\u00a0\u00a0\u00a0\u00a0\u00a0\u00a0\u00a0\u00a0\u00a0\u00a0\u00a0\u00a0\u00a0\u00a0\u00a0\u00a0\u00a0\u00a0\u00a0\u00a0\u00a0 \u00a0\u00a0\u00a0\u00a0\u00a0\u00a0\u00a0\u00a0\u00a0\u00a0\u00a0\u00a0\u00a0\u00a0\u00a0\u00a0\u00a0\u00a0\u00a0\u00a0\u00a0\u00a0\u00a0Ing. Gustavo Vionnet<\/i><\/b><\/p>\n<p class=\"x_MsoNormal\"><b><i>\u00a0\u00a0\u00a0\u00a0\u00a0\u00a0\u00a0\u00a0\u00a0\u00a0\u00a0\u00a0 Secretario\u00a0\u00a0\u00a0\u00a0\u00a0\u00a0\u00a0\u00a0\u00a0\u00a0\u00a0\u00a0\u00a0\u00a0\u00a0\u00a0\u00a0\u00a0\u00a0\u00a0\u00a0\u00a0\u00a0\u00a0\u00a0\u00a0\u00a0\u00a0\u00a0\u00a0\u00a0\u00a0\u00a0\u00a0\u00a0\u00a0\u00a0\u00a0\u00a0\u00a0\u00a0\u00a0\u00a0\u00a0\u00a0\u00a0\u00a0\u00a0\u00a0\u00a0\u00a0\u00a0\u00a0\u00a0\u00a0\u00a0\u00a0\u00a0\u00a0\u00a0\u00a0\u00a0\u00a0\u00a0\u00a0\u00a0 Presidente<\/i><\/b><\/p>\n","protected":false},"excerpt":{"rendered":"<p>Informamos \u00a0que hemos remitimos al Ministerio de la Producci\u00f3n, una solicitud de una urgente reuni\u00f3n de la Comisi\u00f3n Provincial de Emergencia Agropecuaria, (adjuntamos nota) para evaluar el estado en que se encuentra la provincia, ante la magnitud de las \u00faltimas tormentas<\/p>\n","protected":false},"author":5,"featured_media":0,"comment_status":"open","ping_status":"open","sticky":false,"template":"","format":"standard","meta":[],"categories":[42,1393],"tags":[644,1164,3427],"_links":{"self":[{"href":"http:\/\/rurallascolonias.com.ar\/index.php?rest_route=\/wp\/v2\/posts\/13034"}],"collection":[{"href":"http:\/\/rurallascolonias.com.ar\/index.php?rest_route=\/wp\/v2\/posts"}],"about":[{"href":"http:\/\/rurallascolonias.com.ar\/index.php?rest_route=\/wp\/v2\/types\/post"}],"author":[{"embeddable":true,"href":"http:\/\/rurallascolonias.com.ar\/index.php?rest_route=\/wp\/v2\/users\/5"}],"replies":[{"embeddable":true,"href":"http:\/\/rurallascolonias.com.ar\/index.php?rest_route=%2Fwp%2Fv2%2Fcomments&post=13034"}],"version-history":[{"count":3,"href":"http:\/\/rurallascolonias.com.ar\/index.php?rest_route=\/wp\/v2\/posts\/13034\/revisions"}],"predecessor-version":[{"id":13044,"href":"http:\/\/rurallascolonias.com.ar\/index.php?rest_route=\/wp\/v2\/posts\/13034\/revisions\/13044"}],"wp:attachment":[{"href":"http:\/\/rurallascolonias.com.ar\/index.php?rest_route=%2Fwp%2Fv2%2Fmedia&parent=13034"}],"wp:term":[{"taxonomy":"category","embeddable":true,"href":"http:\/\/rurallascolonias.com.ar\/index.php?rest_route=%2Fwp%2Fv2%2Fcategories&post=13034"},{"taxonomy":"post_tag","embeddable":true,"href":"http:\/\/rurallascolonias.com.ar\/index.php?rest_route=%2Fwp%2Fv2%2Ftags&post=13034"}],"curies":[{"name":"wp","href":"https:\/\/api.w.org\/{rel}","templated":true}]}}