{"id":13024,"date":"2016-12-27T10:13:41","date_gmt":"2016-12-27T10:13:41","guid":{"rendered":"http:\/\/rurallascolonias.com.ar\/?p=13024"},"modified":"2016-12-27T17:29:27","modified_gmt":"2016-12-27T17:29:27","slug":"un-fiscal-federal-pide-suspender-las-fumigaciones-con-glifosato","status":"publish","type":"post","link":"http:\/\/rurallascolonias.com.ar\/?p=13024","title":{"rendered":"Un fiscal federal pide suspender las fumigaciones con glifosato"},"content":{"rendered":"<p><strong><em><a href=\"http:\/\/rurallascolonias.com.ar\/?attachment_id=13025\" rel=\"attachment wp-att-13025\"><img loading=\"lazy\" class=\"aligncenter wp-image-13025 size-medium\" src=\"http:\/\/rurallascolonias.com.ar\/wp-content\/uploads\/2016\/12\/fumigaciones-300x155.jpg\" alt=\"fumigaciones\" width=\"300\" height=\"155\" srcset=\"http:\/\/rurallascolonias.com.ar\/wp-content\/uploads\/2016\/12\/fumigaciones-300x155.jpg 300w, http:\/\/rurallascolonias.com.ar\/wp-content\/uploads\/2016\/12\/fumigaciones-600x310.jpg 600w, http:\/\/rurallascolonias.com.ar\/wp-content\/uploads\/2016\/12\/fumigaciones-624x323.jpg 624w, http:\/\/rurallascolonias.com.ar\/wp-content\/uploads\/2016\/12\/fumigaciones.jpg 648w\" sizes=\"(max-width: 300px) 100vw, 300px\" \/><\/a>Alega que las aplicaciones \u00abdescontroladas y abusivas\u00bb de ese herbicida significan \u00abuna amenaza grave\u00bb a la salud y al ambiente<\/em><\/strong><!--more--><\/p>\n<div class=\"vsmcontent\">\n<p>Aleg\u00f3 que las aplicaciones \u00abdescontroladas y abusivas\u00bb de ese herbicida significan \u00abuna amenaza grave\u00bb a la salud y al ambiente El fiscal federal Fabi\u00e1n Canda solicit\u00f3 a principios de este mes a la Justicia una medida cautelar para suspender el uso de los paquetes tecnol\u00f3gicos del agronegocio que combinan semillas modificadas gen\u00e9ticamente y \u00abexorbitantes\u00bb dosis de aplicaci\u00f3n del herbicida glifosato por entender que esos rasgos del actual modelo agr\u00edcola significan \u00abuna amenaza grave sobre dos de los derechos m\u00e1s preciados desde lo individual y social: el derecho a la salud y el derecho a un medioambiente sano\u00bb.<\/p>\n<p>Canda, quien representa al Ministerio P\u00fablico en la Fiscal\u00eda N\u00ba 8 de la ciudad de Buenos Aires, present\u00f3 la cautelar el pasado 1 de diciembre ante la Sala III de la C\u00e1mara Contencioso Administrativo Federal, a la que le pidi\u00f3 adem\u00e1s que de no poder hacerla efectiva al menos instruya al Poder Ejecutivo de la Naci\u00f3n a que disponga la suspensi\u00f3n de las aplicaciones a\u00e9reas con glifosato, as\u00ed como la suspensi\u00f3n de aplicaciones terrestres con ese qu\u00edmico a una distancia inferior a los cinco mil metros de zonas urbanas de municipios, poblaciones, escuelas, huertas, r\u00edos, arroyos y pozos de extracci\u00f3n de agua para consumo humano.<\/p>\n<p>En su argumentaci\u00f3n jur\u00eddica retom\u00f3 informes e investigaciones de organismos oficiales y no oficiales como la Red de M\u00e9dicos de Pueblos Fumigados (Reduas), la Federaci\u00f3n Sindical de Profesionales de la Salud de la Rep\u00fablica Argentina (Fesprosa), la c\u00e1tedra de Salud Socioambiental de la Facultad de Medicina de la Universidad del Rosario, el Centro de Protecci\u00f3n a la Naturaleza (Cepronat) y (muchas) otras organizaciones.<\/p>\n<p>En su escrito, el fiscal se\u00f1al\u00f3 que todos esos informes y antecedentes \u00abdejan en evidencia, por lo menos, la indubitable peligrosidad de los agrot\u00f3xicos a base de glifosato\u00bb, tras lo cual agreg\u00f3 que ignorarlos \u00abes asumir una postura que va en contradicci\u00f3n con la jurisprudencia emanada de la Corte Federal en materia ambiental respecto de la aplicaci\u00f3n del principio de precauci\u00f3n por parte de los jueces\u00bb.<\/p>\n<p>Tambi\u00e9n se\u00f1al\u00f3 que \u00abcomo es de p\u00fablico y notorio conocimiento\u00bb -y en base a una gran cantidad de informes y denuncias- el glifosato \u00abno es aplicado en nuestro pa\u00eds en condiciones capaces de garantizar una utilizaci\u00f3n segura de ese t\u00f3xico producto\u00bb, y record\u00f3 que \u00abbasta con que un solo ciudadano resulte contaminado\u00bb para que la Justicia \u00abobre en consecuencia\u00bb.<\/p>\n<p>Al momento de explicar la razones por las que pidi\u00f3 la suspensi\u00f3n de las aplicaciones de glifosato en Argentina el especialista mencion\u00f3 en primer lugar a la Constituci\u00f3n Nacional, que \u00abtutela al ambiente de modo claro y contundente\u00bb lo que permite \u00abadmitir\u00bb la existencia de un componente ambiental dentro del estado de derecho.<\/p>\n<p>\u00abLa efectividad que se reclama para todos los derechos fundamentales tambi\u00e9n debe ser predicada respecto de los de incidencia colectiva y en particular del ambiente\u00bb, se\u00f1al\u00f3 Canda en su dictamen.<\/p>\n<p>A su vez record\u00f3 el estudio de la Agencia Internacional para la Investigaci\u00f3n sobre el C\u00e1ncer (Iarc) dependiente de la Organizaci\u00f3n Mundial de la Salud (OMS) que declar\u00f3 a cinco pesticidas, entre ellos el glifosato, como cancer\u00edgenos \u00abposibles\u00bb o \u00abprobables\u00bb, y argument\u00f3 que dicha posible o probable asociaci\u00f3n con una enfermedad \u00abmuchas veces letal es por dem\u00e1s suficiente para activar el principio precautorio\u00bb.<\/p>\n<p>En relaci\u00f3n a ese principio, Canda resalt\u00f3 su importancia y record\u00f3 que \u00abobliga a suspender o cancelar actividades que amenacen al medioambiente\u00bb, tras lo cual agreg\u00f3 que de persistir por parte de los productores un uso \u00abirresponsable\u00bb de los agroqu\u00edmicos \u00abnocivo para la salud p\u00fablica\u00bb deber\u00eda ponerse en consideraci\u00f3n la aplicaci\u00f3n de dicho principio. Para el fiscal los peligros que la utilizaci\u00f3n de agroqu\u00edmicos implican para el medioambiente y la salud pueden considerarse \u00abde p\u00fablico y notorio\u00bb si se tiene en cuenta incluso la existencia de \u00abprocesos de criminalizaci\u00f3n\u00bb por el uso de aquellos que dieron lugar a condenas firmes, como fue el caso de un aeroaplicador y un productor agropecuario de C\u00f3rdoba.<\/p>\n<p>En ese punto record\u00f3 que la sentencia afirmaba que \u00abel uso indiscriminado, descontrolado, abusivo en la aplicaci\u00f3n de agrot\u00f3xicos para la producci\u00f3n agr\u00edcola contamina en t\u00e9rminos alarmantes la vida animal, vegetal y humana\u00bb. En el dictamen tambi\u00e9n se pide por la obligatoriedad del etiquetado mediante leyendas \u00abperfectamente visibles y destacables al ojo humano\u00bb colocadas en los envases de alimentos en producci\u00f3n o en stock que adviertan a los consumidores cuando su composici\u00f3n contenga organismos modificados gen\u00e9ticamente.<\/p>\n<p>La solicitud se da en el marco de una apelaci\u00f3n al rechazo de una medida cautelar en un proceso judicial colectivo donde se reclama la reparaci\u00f3n del da\u00f1o ambiental ocasionado por los OGM (organismos gen\u00e9ticamente modificados) y el agrot\u00f3xico glifosato en la Argentina.<\/p>\n<\/div>\n<div class=\"copyright\">\n<div class=\"author\">La Capital de Rosario<\/div>\n<\/div>\n","protected":false},"excerpt":{"rendered":"<p>Alega que las aplicaciones \u00abdescontroladas y abusivas\u00bb de ese herbicida significan \u00abuna amenaza grave\u00bb a la salud y al ambiente<\/p>\n","protected":false},"author":5,"featured_media":0,"comment_status":"open","ping_status":"open","sticky":false,"template":"","format":"standard","meta":[],"categories":[42],"tags":[3424,3426,554,3425],"_links":{"self":[{"href":"http:\/\/rurallascolonias.com.ar\/index.php?rest_route=\/wp\/v2\/posts\/13024"}],"collection":[{"href":"http:\/\/rurallascolonias.com.ar\/index.php?rest_route=\/wp\/v2\/posts"}],"about":[{"href":"http:\/\/rurallascolonias.com.ar\/index.php?rest_route=\/wp\/v2\/types\/post"}],"author":[{"embeddable":true,"href":"http:\/\/rurallascolonias.com.ar\/index.php?rest_route=\/wp\/v2\/users\/5"}],"replies":[{"embeddable":true,"href":"http:\/\/rurallascolonias.com.ar\/index.php?rest_route=%2Fwp%2Fv2%2Fcomments&post=13024"}],"version-history":[{"count":1,"href":"http:\/\/rurallascolonias.com.ar\/index.php?rest_route=\/wp\/v2\/posts\/13024\/revisions"}],"predecessor-version":[{"id":13026,"href":"http:\/\/rurallascolonias.com.ar\/index.php?rest_route=\/wp\/v2\/posts\/13024\/revisions\/13026"}],"wp:attachment":[{"href":"http:\/\/rurallascolonias.com.ar\/index.php?rest_route=%2Fwp%2Fv2%2Fmedia&parent=13024"}],"wp:term":[{"taxonomy":"category","embeddable":true,"href":"http:\/\/rurallascolonias.com.ar\/index.php?rest_route=%2Fwp%2Fv2%2Fcategories&post=13024"},{"taxonomy":"post_tag","embeddable":true,"href":"http:\/\/rurallascolonias.com.ar\/index.php?rest_route=%2Fwp%2Fv2%2Ftags&post=13024"}],"curies":[{"name":"wp","href":"https:\/\/api.w.org\/{rel}","templated":true}]}}