{"id":13021,"date":"2016-12-27T10:11:06","date_gmt":"2016-12-27T10:11:06","guid":{"rendered":"http:\/\/rurallascolonias.com.ar\/?p=13021"},"modified":"2016-12-27T17:13:31","modified_gmt":"2016-12-27T17:13:31","slug":"hay-rutas-cortadas-en-el-centro-y-sur-de-la-provincia","status":"publish","type":"post","link":"http:\/\/rurallascolonias.com.ar\/?p=13021","title":{"rendered":"Hay rutas cortadas en el centro y sur de la provincia"},"content":{"rendered":"<p><em><strong><a href=\"http:\/\/rurallascolonias.com.ar\/?attachment_id=13022\" rel=\"attachment wp-att-13022\"><img loading=\"lazy\" class=\"aligncenter wp-image-13022 size-medium\" src=\"http:\/\/rurallascolonias.com.ar\/wp-content\/uploads\/2016\/12\/rutas-cortadas-por-agua-G-300x250.jpg\" alt=\"rutas-cortadas-por-agua-g\" width=\"300\" height=\"250\" srcset=\"http:\/\/rurallascolonias.com.ar\/wp-content\/uploads\/2016\/12\/rutas-cortadas-por-agua-G-300x250.jpg 300w, http:\/\/rurallascolonias.com.ar\/wp-content\/uploads\/2016\/12\/rutas-cortadas-por-agua-G-600x499.jpg 600w, http:\/\/rurallascolonias.com.ar\/wp-content\/uploads\/2016\/12\/rutas-cortadas-por-agua-G.jpg 614w\" sizes=\"(max-width: 300px) 100vw, 300px\" \/><\/a>Tras la gran cantidad de lluvia\u00a0ca\u00edda en las \u00faltimas horas se complica la circulaci\u00f3n en las principales arterias de Santa Fe. Hay rutas cortadas y evacuados en diversas localidades<\/strong><\/em><!--more--><\/p>\n<div class=\"contenedor_img_uminterior\">Bomberos Voluntarios de Rosario actualizaron la situaci\u00f3n en los caminos de la regi\u00f3n:<\/div>\n<p class=\"selectionShareable\">Contin\u00faa el corte total desde cruces de la ruta A-012 y la ruta 90 donde a\u00fan se registran precipitaciones. Los lugares afectados de la ruta son los kil\u00f3metros <em>12, 16, 28, 33 y 43.<\/em><\/p>\n<p class=\"selectionShareable\"><strong><em>\u2013 Ruta 14:<\/em><\/strong> (Soldini \u2013 Bigand) Cortada entre la A-012 y Bigand.<\/p>\n<p><strong><em>\u2013 Autopista Rosario-Buenos Aires<\/em><\/strong>: cortada en ambos sentidos en los km. 231 (San Nicol\u00e1s) y Km. 208 (Ramallo).<\/p>\n<p><strong><em>\u2013 Ruta 90:<\/em><\/strong> hacia Villa mucha agua entre Rueda y Godoy, bomberos trabajando en el lugar, hacia Melincue sin problemas por el momento.<\/p>\n<p><strong><em>\u2013 Ruta 188:\u00a0<\/em><\/strong>(Autopista Rosario-Bs. As. a Rojas) corte en Rotonda de Rojas y Km. 22. Posible corte altura Gral. Rojo.<\/p>\n<p><strong><em>\u2013 Ruta 8:\u00a0<\/em><\/strong>cortada altura Venado Tuerto y altura Arrecifes.<\/p>\n<p><strong><em>\u2013 Ruta 33:<\/em><\/strong> cortes intersecci\u00f3n con ruta A-012 y altura Casilda.<\/p>\n<p><em><strong>\u2013 Ruta 32:<\/strong><\/em> Bs. As. (continuaci\u00f3n de Ruta 18 hasta Pergamino) no presenta problemas.<\/p>\n<p class=\"selectionShareable\"><strong>\u2013 Corte total desde RP 18 y A012, hasta RP 18 y RP 90<\/strong> (Santa Teresa). PSV realiza desv\u00edos.<\/p>\n<p class=\"selectionShareable\"><strong>\u2013 RP 14 (altura A012 y Bigand):<\/strong> el tr\u00e1nsito se encuentra interrumpido por abundante agua<\/p>\n<p class=\"selectionShareable\">El titular de la Secretar\u00eda de Seguridad P\u00fablica, Marcos Escajadillo, confirm\u00f3 que se hac\u00eda sumamente dif\u00edcil transitar por las rutas de la regi\u00f3n y aconsej\u00f3 a los ciudadanos de las distintas localidad no salir de viaje.\u00a0\u201cA Buenos Aires es imposible llegar salvo por Entre R\u00edos. Hay en la autopista un desborde del r\u00edo y el agua llega al metro\u201d.<\/p>\n<p class=\"selectionShareable\"><strong>Evacuados<\/strong><br \/>\nEn Mar\u00eda Teresa los damnificados ascienden a 100. Escajadillo anunci\u00f3 adem\u00e1s \u00a0que el gobierno provincial ya ha dispuesto asistencia de alimentos, chapas, mantas y colchones a los damnificados.<\/p>\n<p class=\"selectionShareable\">Tambi\u00e9n en la localidad de \u00c1lvarez hay 100 evacuados y viviendas y\u00a0campos se encuentran aislados. En Arrecifes son 113 los evacuados<\/p>\n<p class=\"selectionShareable\">Aldo Fabucci, director provincial de Protecci\u00f3n Civil, inform\u00f3 que en la localidad ubicada a 25 kil\u00f3metros de Venado Tuerto se registraba un escenario complicado. Tambi\u00e9n dijo que estaba cortada la ruta 33 entre P\u00e9rez y Zavalla.<\/p>\n<p class=\"selectionShareable\">\u201cLas lluvias fueron abundantes, tal el anuncio del Servicio Meteorol\u00f3gico Nacional, en la regi\u00f3n sur desde el 22 hasta la fecha. Las lluvia acumularon en algunos sectores m\u00e1s de 200 mil\u00edmetros en la parte sur\u201d, indic\u00f3.<\/p>\n<p><strong>Fuente:<\/strong> Rosario 3.<\/p>\n","protected":false},"excerpt":{"rendered":"<p>Tras la gran cantidad de lluvia\u00a0ca\u00edda en las \u00faltimas horas se complica la circulaci\u00f3n en las principales arterias de Santa Fe. Hay rutas cortadas y evacuados en diversas localidades<\/p>\n","protected":false},"author":5,"featured_media":0,"comment_status":"open","ping_status":"open","sticky":false,"template":"","format":"standard","meta":[],"categories":[42],"tags":[3423],"_links":{"self":[{"href":"http:\/\/rurallascolonias.com.ar\/index.php?rest_route=\/wp\/v2\/posts\/13021"}],"collection":[{"href":"http:\/\/rurallascolonias.com.ar\/index.php?rest_route=\/wp\/v2\/posts"}],"about":[{"href":"http:\/\/rurallascolonias.com.ar\/index.php?rest_route=\/wp\/v2\/types\/post"}],"author":[{"embeddable":true,"href":"http:\/\/rurallascolonias.com.ar\/index.php?rest_route=\/wp\/v2\/users\/5"}],"replies":[{"embeddable":true,"href":"http:\/\/rurallascolonias.com.ar\/index.php?rest_route=%2Fwp%2Fv2%2Fcomments&post=13021"}],"version-history":[{"count":1,"href":"http:\/\/rurallascolonias.com.ar\/index.php?rest_route=\/wp\/v2\/posts\/13021\/revisions"}],"predecessor-version":[{"id":13023,"href":"http:\/\/rurallascolonias.com.ar\/index.php?rest_route=\/wp\/v2\/posts\/13021\/revisions\/13023"}],"wp:attachment":[{"href":"http:\/\/rurallascolonias.com.ar\/index.php?rest_route=%2Fwp%2Fv2%2Fmedia&parent=13021"}],"wp:term":[{"taxonomy":"category","embeddable":true,"href":"http:\/\/rurallascolonias.com.ar\/index.php?rest_route=%2Fwp%2Fv2%2Fcategories&post=13021"},{"taxonomy":"post_tag","embeddable":true,"href":"http:\/\/rurallascolonias.com.ar\/index.php?rest_route=%2Fwp%2Fv2%2Ftags&post=13021"}],"curies":[{"name":"wp","href":"https:\/\/api.w.org\/{rel}","templated":true}]}}