{"id":13018,"date":"2016-12-27T17:00:56","date_gmt":"2016-12-27T17:00:56","guid":{"rendered":"http:\/\/rurallascolonias.com.ar\/?p=13018"},"modified":"2016-12-27T17:00:56","modified_gmt":"2016-12-27T17:00:56","slug":"santa-fe-cambiara-las-formas-con-su-propio-consorcio-lechero","status":"publish","type":"post","link":"http:\/\/rurallascolonias.com.ar\/?p=13018","title":{"rendered":"Santa Fe cambiar\u00e1 las formas, con su propio Consorcio Lechero"},"content":{"rendered":"<p><em><strong><a href=\"http:\/\/rurallascolonias.com.ar\/?attachment_id=13019\" rel=\"attachment wp-att-13019\"><img loading=\"lazy\" class=\"aligncenter size-full wp-image-13019\" src=\"http:\/\/rurallascolonias.com.ar\/wp-content\/uploads\/2016\/12\/tambos-3.jpg\" alt=\"tambos-3\" width=\"225\" height=\"225\" srcset=\"http:\/\/rurallascolonias.com.ar\/wp-content\/uploads\/2016\/12\/tambos-3.jpg 225w, http:\/\/rurallascolonias.com.ar\/wp-content\/uploads\/2016\/12\/tambos-3-150x150.jpg 150w\" sizes=\"(max-width: 225px) 100vw, 225px\" \/><\/a>La consignataria avanza sobre su nuevo esquema legal y espera estar en marcha a mediados de 2017<\/strong><\/em><!--more--><\/p>\n<p>Por Elida Thiery \u2013 Desde comienzos de este a\u00f1o, Diario CASTELLANOS estuvo siguiendo esta iniciativa de la provincia, junto a entidades y cooperativas l\u00e1cteas, para la conformaci\u00f3n de una consignataria de leche, que modifique la forma tradicional de comercializaci\u00f3n de materia prima, dando m\u00e1s previsibilidad.<\/p>\n<p>Esta herramienta, sumada a las bandas de precios, al ordenamiento lechero santafesino que se puso en marcha de forma definitiva, permite vislumbrar un pr\u00f3ximo a\u00f1o con m\u00e1s elementos para el avance en cuanto a una estructuraci\u00f3n fundamental para el sector.<\/p>\n<p>Las reuniones empezaron t\u00edmidamente y fueron delimitando los objetivos y el alcance de esta iniciativa. Con asesor\u00edas, l\u00f3gica en el armado, se lleg\u00f3 al 6 de octubre, cuando se firm\u00f3 el acta compromiso de la Consignataria, para tener m\u00e1s en firme estas condiciones. Es por ello que la semana anterior, en Rafaela, que se convirti\u00f3 en el eje de los encuentros, se tom\u00f3 la decisi\u00f3n de definir el formato legal con el que se va a operar.<\/p>\n<p>El \u201cconsorcio\u201d es la forma seleccionada para que se ponga en marcha el espacio concretamente, a mediados de 2017 con el aval de entidades de productores, cooperativas lecheras, grupos menores de comercializaci\u00f3n e incluso el Gobierno Provincial como promotor y sustento estructural del mismo. En concreto un consorcio se forma mediante un contrato entre las partes integrantes, entre aquellas empresas, productores o emprendedores que quieran integrarlo. El consorcio de cooperaci\u00f3n, as\u00ed llamado por la Ley 26.005), no es una persona jur\u00eddica, ni tampoco es un sujeto de derecho, por lo tanto, las partes integrantes no pierden su individualidad original, siendo el consorcio \u201cuna organizaci\u00f3n com\u00fan\u201d de sus miembros. Por ello, aquellas personas que sean designadas como representantes, lo ser\u00e1n de los integrantes, pero no del consorcio en s\u00ed, pues \u00e9ste no es una entidad distinta a sus miembros, como s\u00ed sucede en el caso de una sociedad. Gracias a esta Ley, las partes integrantes pueden limitar su responsabilidad hacia terceros, en la medida que as\u00ed lo acuerden. Para tener validez este contrato debe ser inscripto ante la Inspecci\u00f3n General de Justicia.<\/p>\n<p>Seg\u00fan pudo confirmar CASTELLANOS, el pr\u00f3ximo encuentro para seguir dando forma a esta iniciativa ser\u00e1 a principios del mes entrante, donde ya se concrete el acta constitutiva inicial y donde estar\u00e1n presentes, adem\u00e1s de gerentes de empresas, muchos de los integrantes, como es el caso de las cooperativas.<\/p>\n<p>A partir de esto se la inscribir\u00e1 con personer\u00eda jur\u00eddica e impositiva, para poder ponerla en marcha. De este modo, se avanzar\u00e1 en un inicio en la provisi\u00f3n constante de leche a pymes l\u00e1cteas, que si bien apunta a completar a futuro el total producido en la provincia, llegar\u00eda en un inicio a una porci\u00f3n de ello, para proveer a las m\u00e1s afectadas por los vaivenes del mercado, e incluso las que m\u00e1s fluct\u00faan con el pago de la materia prima a los productores, hecho que se va a encajar en un marco de contratos, que es otro de los logros del Proyecto Lechero Santafesino, que se viene desarrollando desde 2009.<\/p>\n<p>Asegurar ventas a los tamberos y leche cruda a las empresas es la premisa fundamental de esta iniciativa, \u00fanica a nivel nacional y que tiene ejemplos de \u00e9xito en el exterior.<\/p>\n<p>http:\/\/elidaescribe.blogspot.com.ar<\/p>\n","protected":false},"excerpt":{"rendered":"<p>La consignataria avanza sobre su nuevo esquema legal y espera estar en marcha a mediados de 2017<\/p>\n","protected":false},"author":5,"featured_media":0,"comment_status":"open","ping_status":"open","sticky":false,"template":"","format":"standard","meta":[],"categories":[46,1393],"tags":[3420,3421,3422,2536,119],"_links":{"self":[{"href":"http:\/\/rurallascolonias.com.ar\/index.php?rest_route=\/wp\/v2\/posts\/13018"}],"collection":[{"href":"http:\/\/rurallascolonias.com.ar\/index.php?rest_route=\/wp\/v2\/posts"}],"about":[{"href":"http:\/\/rurallascolonias.com.ar\/index.php?rest_route=\/wp\/v2\/types\/post"}],"author":[{"embeddable":true,"href":"http:\/\/rurallascolonias.com.ar\/index.php?rest_route=\/wp\/v2\/users\/5"}],"replies":[{"embeddable":true,"href":"http:\/\/rurallascolonias.com.ar\/index.php?rest_route=%2Fwp%2Fv2%2Fcomments&post=13018"}],"version-history":[{"count":1,"href":"http:\/\/rurallascolonias.com.ar\/index.php?rest_route=\/wp\/v2\/posts\/13018\/revisions"}],"predecessor-version":[{"id":13020,"href":"http:\/\/rurallascolonias.com.ar\/index.php?rest_route=\/wp\/v2\/posts\/13018\/revisions\/13020"}],"wp:attachment":[{"href":"http:\/\/rurallascolonias.com.ar\/index.php?rest_route=%2Fwp%2Fv2%2Fmedia&parent=13018"}],"wp:term":[{"taxonomy":"category","embeddable":true,"href":"http:\/\/rurallascolonias.com.ar\/index.php?rest_route=%2Fwp%2Fv2%2Fcategories&post=13018"},{"taxonomy":"post_tag","embeddable":true,"href":"http:\/\/rurallascolonias.com.ar\/index.php?rest_route=%2Fwp%2Fv2%2Ftags&post=13018"}],"curies":[{"name":"wp","href":"https:\/\/api.w.org\/{rel}","templated":true}]}}