{"id":13006,"date":"2016-12-26T10:38:04","date_gmt":"2016-12-26T10:38:04","guid":{"rendered":"http:\/\/rurallascolonias.com.ar\/?p=13006"},"modified":"2016-12-26T15:39:13","modified_gmt":"2016-12-26T15:39:13","slug":"afip-y-agroindustria-dan-de-baja-el-ruca-y-habilitan-la-autorizacion-de-faena","status":"publish","type":"post","link":"http:\/\/rurallascolonias.com.ar\/?p=13006","title":{"rendered":"AFIP y Agroindustria dan de baja el RUCA y habilitan la \u201cautorizaci\u00f3n de faena\u201d"},"content":{"rendered":"<p><strong><em><a href=\"http:\/\/rurallascolonias.com.ar\/?attachment_id=3729\" rel=\"attachment wp-att-3729\"><img loading=\"lazy\" class=\"aligncenter size-full wp-image-3729\" src=\"http:\/\/rurallascolonias.com.ar\/wp-content\/uploads\/2014\/08\/faena-de-hembras.jpg\" alt=\"faena de hembras\" width=\"286\" height=\"176\" \/><\/a>La medida entra en vigencia a partir de hoy \u00aba efectos de optimizar los controles relacionados con la actividad\u00bb<\/em><\/strong><!--more--><\/p>\n<p>La Administraci\u00f3n Federal de Ingresos P\u00fablicos y el Ministerio de Agroindustria dispusieron medidas para optimizar el control de la faena de hacienda y la aplicaci\u00f3n de eventuales sanciones.<\/p>\n<p>Mediante la Resoluci\u00f3n Conjunta General 3955 y 427\/2016, publicada hoy en el Bolet\u00edn Oficial, se estableci\u00f3 que Agroindustria, a trav\u00e9s de la Subsecretar\u00eda de Control Comercial Agropecuario, habilitar\u00e1 la \u201cAutorizaci\u00f3n de Faena\u201d una vez cumplidos los requisitos previstos y verificado el efectivo ingreso de los pagos a cuenta. Para ello, la AFIP pondr\u00e1 a disposici\u00f3n del Ministerio, en forma \u201conline\u201d, la informaci\u00f3n relativa a dichos pagos a cuenta.<\/p>\n<p>La cartera agroindustrial, siempre a trav\u00e9s de la Subsecretar\u00eda a cargo de Marcelo Rossi, proceder\u00e1 a dar de baja la inscripci\u00f3n del operador en el Registro \u00danico de Operadores de la Cadena Agroalimentaria (RUCA) cuando se hubiere realizado la faena de animales amparados por un Documento de Tr\u00e1nsito Electr\u00f3nico (DT-e) cuya autorizaci\u00f3n de faena no se encuentre debidamente habilitada o la AFIP informe que no se ha cumplido con la obligaci\u00f3n de depositar el impuesto al valor agregado.<\/p>\n<p>Estas medidas, cuya inobservancia implicar\u00e1 la aplicaci\u00f3n de sanciones y que entrar\u00e1n en vigencia a partir de hoy, fueron adoptadas \u201ca efectos de optimizar los controles relacionados con la actividad\u201d.<\/p>\n<p>En sus considerandos, la norma recuerda que en su oportunidad se instaur\u00f3 el \u201cSistema Fiscal de Trazabilidad Animal (SIFTA)\u201d, a fin de optimizar los controles fiscales respecto de la cadena de producci\u00f3n y comercializaci\u00f3n de hacienda y carnes.<\/p>\n<p>Y que tambi\u00e9n se implement\u00f3 el \u201cRegistro Fiscal de Operadores de la Cadena de Producci\u00f3n y Comercializaci\u00f3n de Haciendas y Carnes Bovinas y Bubalinas\u201d para la generaci\u00f3n del registro y la base de control de los diferentes actores involucrados en la cadena de producci\u00f3n y comercializaci\u00f3n de haciendas y carnes bovinas y\/o bubalinas, como paso previo al desarrollo de los restantes aspectos que ser\u00e1n formalizados.<\/p>\n<p>Asimismo, en septiembre de 2015, se cre\u00f3 el Sistema Integral de Faena (S.I.F.), a trav\u00e9s del cual, los titulares de establecimientos faenadores registrar\u00e1n la hacienda con destino a faena; que se sum\u00f3 al RUCA, creado en mayo de 2012.<\/p>\n<p>Creada en noviembre de 2016, la Subsecretar\u00eda de Control Comercial Agropeciario tiene entre sus objetivos \u201cla fiscalizaci\u00f3n de las operatorias de las personas f\u00edsicas o jur\u00eddicas que intervengan en el comercio e industrializaci\u00f3n de las distintas cadenas agroalimentarias y agroindustriales\u201d.<\/p>\n<p>La dependencia ejerce \u201clas funciones de control, fiscalizaci\u00f3n y poder de polic\u00eda (\u2026) implementando todas las acciones necesarias a tales fines en todo el territorio nacional y aplicando su r\u00e9gimen sancionatorio\u201d, y entiende en la operatoria referida a la matriculaci\u00f3n, registraci\u00f3n y fiscalizaci\u00f3n de las actividades de las personas f\u00edsicas y jur\u00eddicas que intervengan en el comercio e industrializaci\u00f3n de las distintas cadenas agroalimentarias y agroindustriales.<\/p>\n<p>Fuente: Infocampo<\/p>\n","protected":false},"excerpt":{"rendered":"<p>La medida entra en vigencia a partir de hoy \u00aba efectos de optimizar los controles relacionados con la actividad\u00bb<\/p>\n","protected":false},"author":5,"featured_media":0,"comment_status":"open","ping_status":"open","sticky":false,"template":"","format":"standard","meta":[],"categories":[14],"tags":[193,2115,420,826,3418],"_links":{"self":[{"href":"http:\/\/rurallascolonias.com.ar\/index.php?rest_route=\/wp\/v2\/posts\/13006"}],"collection":[{"href":"http:\/\/rurallascolonias.com.ar\/index.php?rest_route=\/wp\/v2\/posts"}],"about":[{"href":"http:\/\/rurallascolonias.com.ar\/index.php?rest_route=\/wp\/v2\/types\/post"}],"author":[{"embeddable":true,"href":"http:\/\/rurallascolonias.com.ar\/index.php?rest_route=\/wp\/v2\/users\/5"}],"replies":[{"embeddable":true,"href":"http:\/\/rurallascolonias.com.ar\/index.php?rest_route=%2Fwp%2Fv2%2Fcomments&post=13006"}],"version-history":[{"count":2,"href":"http:\/\/rurallascolonias.com.ar\/index.php?rest_route=\/wp\/v2\/posts\/13006\/revisions"}],"predecessor-version":[{"id":13009,"href":"http:\/\/rurallascolonias.com.ar\/index.php?rest_route=\/wp\/v2\/posts\/13006\/revisions\/13009"}],"wp:attachment":[{"href":"http:\/\/rurallascolonias.com.ar\/index.php?rest_route=%2Fwp%2Fv2%2Fmedia&parent=13006"}],"wp:term":[{"taxonomy":"category","embeddable":true,"href":"http:\/\/rurallascolonias.com.ar\/index.php?rest_route=%2Fwp%2Fv2%2Fcategories&post=13006"},{"taxonomy":"post_tag","embeddable":true,"href":"http:\/\/rurallascolonias.com.ar\/index.php?rest_route=%2Fwp%2Fv2%2Ftags&post=13006"}],"curies":[{"name":"wp","href":"https:\/\/api.w.org\/{rel}","templated":true}]}}