{"id":12971,"date":"2016-12-22T13:39:29","date_gmt":"2016-12-22T13:39:29","guid":{"rendered":"http:\/\/rurallascolonias.com.ar\/?p=12971"},"modified":"2016-12-22T13:39:29","modified_gmt":"2016-12-22T13:39:29","slug":"arcor-y-danone-acordaron-aportar-otros-us-35-millones-en-la-serenisima","status":"publish","type":"post","link":"http:\/\/rurallascolonias.com.ar\/?p=12971","title":{"rendered":"Arcor y Danone acordaron aportar otros US$ 35 millones en La Seren\u00edsima"},"content":{"rendered":"<p><strong><em><a href=\"http:\/\/rurallascolonias.com.ar\/?attachment_id=12973\" rel=\"attachment wp-att-12973\"><img loading=\"lazy\" class=\"aligncenter size-full wp-image-12973\" src=\"http:\/\/rurallascolonias.com.ar\/wp-content\/uploads\/2016\/12\/Luis-Pagani-Arcor_CLAIMA20161220_0260_28-300x300.jpg\" alt=\"luis-pagani-arcor_claima20161220_0260_28-300x300\" width=\"300\" height=\"300\" srcset=\"http:\/\/rurallascolonias.com.ar\/wp-content\/uploads\/2016\/12\/Luis-Pagani-Arcor_CLAIMA20161220_0260_28-300x300.jpg 300w, http:\/\/rurallascolonias.com.ar\/wp-content\/uploads\/2016\/12\/Luis-Pagani-Arcor_CLAIMA20161220_0260_28-300x300-150x150.jpg 150w\" sizes=\"(max-width: 300px) 100vw, 300px\" \/><\/a>A un a\u00f1o del convenio inicial, las empresas aumentar\u00e1n de 20 a 33,5% sus acciones en la principal l\u00e1ctea local<\/em><\/strong><!--more--><\/p>\n<p>A un a\u00f1o del ingreso en el capital de Mastellone Hermanos, due\u00f1a de La Seren\u00edsima, la dupla Arcor-Danone dio un nuevo paso en un derrotero que podr\u00eda dejarla a partir de 2020 con el 100% de la principal l\u00e1ctea del pa\u00eds. Ayer, la compa\u00f1\u00eda cordobesa anunci\u00f3 que su directorio decidi\u00f3 ejercer la opci\u00f3n para tomar m\u00e1s acciones de Mastellone, un movimiento que debe cerrarse el mes que viene.<\/p>\n<p>Los compradores ser\u00e1n Arcor y Bagley en partes iguales. En esta \u00faltima empresa, a su vez, la firma argentina tiene el 51%, mientras que la francesa Danone posee el restante 49%. Ambas sociedades har\u00e1n un aporte de capital de US$ 35 millones para elevar su participaci\u00f3n del actual 20% al 33,5%, siempre y cuando la transacci\u00f3n reciba el visto bueno de la autoridad de Defensa de la Competencia de Brasil, indic\u00f3 Luis Pagani en una carta enviada ayer a la Bolsa de Comercio.<\/p>\n<p>En diciembre de 2015, a poco m\u00e1s de un a\u00f1o de la muerte del hist\u00f3rico Don Pascual, Mastellone inici\u00f3 un proceso de cambio de manos que podr\u00eda terminar dentro de 10 a\u00f1os con la salida total de la familia fundadora.<\/p>\n<p>Inicialmente, Arcor y Bagley hicieron un aporte de US$ 50 millones (tambi\u00e9n en porciones iguales) para quedarse con el 20% en la l\u00e1ctea. Adem\u00e1s, accionistas de Mastellone les vendieron otro 4,99% del capital por US$ 10 millones. El resto de la empresa est\u00e1 en manos de los Mastellone \u201315 herederos de Pascual, entre hermanos, hijos y sobrinos\u2013, y del fondo Dallpoint, de Carlos Agote (37%).<\/p>\n<p>Ahora se abre una nueva etapa del acuerdo. Los actuales accionistas de Mastellone pueden venderles a Arcor y Bagley acciones que no superen el 49% entre 2017 y 2020. Y, a partir de ese a\u00f1o hasta 2025, el resto hasta alcanzar 100%.<\/p>\n<p>Mastellone arrastra una complicada situaci\u00f3n financiera: perdi\u00f3 $ 457 millones en 2014 y $ 616,6 millones al a\u00f1o siguiente. Pero, en los primeros nueve meses de 2016, logr\u00f3 dar vuelta el rojo y gan\u00f3 $ 46,6 millones. La empresa tuvo ventas por $ 14.079,6 millones en 2015 y $ 1.258 millones hasta septiembre, con m\u00e1s de 4.000 empleados.<\/p>\n<p>En su \u00faltimo balance, tras un 2016 duro, Mastellone asegur\u00f3 que \u201cel repunte de los niveles de consumo se registrar\u00e1 m\u00e1s fuertemente en el pr\u00f3ximo a\u00f1o, aunque no descartamos que en el \u00faltimo trimestre del 2016 comiencen a percibirse se\u00f1ales de mejora\u201d.<\/p>\n<p>La firma, que acaba de inaugurar una planta de secado en Trenque Lauquen, prev\u00e9 seguir trabajando con los tamberos para incentivar la producci\u00f3n de leche \u201cpensando fundamentalmente en la primera mitad del pr\u00f3ximo a\u00f1o\u201d. Respecto de los costos, buscar\u00e1n mejorar la productividad, \u201cesperando que la desaceleraci\u00f3n inflacionaria que ha comenzado a vislumbrarse nos ayude\u201d.<\/p>\n<p>http:\/\/www.clarin.com\/<\/p>\n","protected":false},"excerpt":{"rendered":"<p>A un a\u00f1o del convenio inicial, las empresas aumentar\u00e1n de 20 a 33,5% sus acciones en la principal l\u00e1ctea local<\/p>\n","protected":false},"author":5,"featured_media":0,"comment_status":"open","ping_status":"open","sticky":false,"template":"","format":"standard","meta":[],"categories":[14],"tags":[2463,940,487],"_links":{"self":[{"href":"http:\/\/rurallascolonias.com.ar\/index.php?rest_route=\/wp\/v2\/posts\/12971"}],"collection":[{"href":"http:\/\/rurallascolonias.com.ar\/index.php?rest_route=\/wp\/v2\/posts"}],"about":[{"href":"http:\/\/rurallascolonias.com.ar\/index.php?rest_route=\/wp\/v2\/types\/post"}],"author":[{"embeddable":true,"href":"http:\/\/rurallascolonias.com.ar\/index.php?rest_route=\/wp\/v2\/users\/5"}],"replies":[{"embeddable":true,"href":"http:\/\/rurallascolonias.com.ar\/index.php?rest_route=%2Fwp%2Fv2%2Fcomments&post=12971"}],"version-history":[{"count":1,"href":"http:\/\/rurallascolonias.com.ar\/index.php?rest_route=\/wp\/v2\/posts\/12971\/revisions"}],"predecessor-version":[{"id":12974,"href":"http:\/\/rurallascolonias.com.ar\/index.php?rest_route=\/wp\/v2\/posts\/12971\/revisions\/12974"}],"wp:attachment":[{"href":"http:\/\/rurallascolonias.com.ar\/index.php?rest_route=%2Fwp%2Fv2%2Fmedia&parent=12971"}],"wp:term":[{"taxonomy":"category","embeddable":true,"href":"http:\/\/rurallascolonias.com.ar\/index.php?rest_route=%2Fwp%2Fv2%2Fcategories&post=12971"},{"taxonomy":"post_tag","embeddable":true,"href":"http:\/\/rurallascolonias.com.ar\/index.php?rest_route=%2Fwp%2Fv2%2Ftags&post=12971"}],"curies":[{"name":"wp","href":"https:\/\/api.w.org\/{rel}","templated":true}]}}