{"id":1292,"date":"2014-02-10T16:45:20","date_gmt":"2014-02-10T16:45:20","guid":{"rendered":"http:\/\/rurallascolonias.com.ar\/?p=1292"},"modified":"2014-02-10T16:45:20","modified_gmt":"2014-02-10T16:45:20","slug":"aimaro-se-diferencio-de-la-mesa-nacional-no-fuimos-a-pedir-subsidios-al-gobierno","status":"publish","type":"post","link":"http:\/\/rurallascolonias.com.ar\/?p=1292","title":{"rendered":"AIMARO SE DIFERENCI\u00d3 DE LA MESA NACIONAL: \u201cno fuimos a pedir subsidios al Gobierno\u201d"},"content":{"rendered":"<h2><a href=\"http:\/\/rurallascolonias.com.ar\/wp-content\/uploads\/2014\/02\/AIMARO.jpg\"><img loading=\"lazy\" class=\"alignleft size-full wp-image-1294\" alt=\"AIMARO\" src=\"http:\/\/rurallascolonias.com.ar\/wp-content\/uploads\/2014\/02\/AIMARO.jpg\" width=\"266\" height=\"190\" \/><\/a>Es la primera vez que fueron todos los lecheros a reunirse con el ministro Casamiquela. \u201cNosotros no vamos s\u00f3lo con un problema; llevamos propuestas como herramientas\u201d, dispar\u00f3 el presidente de MEPROLSAFE. \u00bfQu\u00e9 pasar\u00e1 con el precio?<!--more--><\/h2>\n<p>Opiniones diametralmente opuestas se escucharon de parte de algunas entidades gremiales que representan a tamberos de diferentes zonas del pa\u00eds, despu\u00e9s de haberse realizado el primer lunes de febrero, la primera reuni\u00f3n del sector convocada por el nuevo Ministro Carlos Casamiquela. Seg\u00fan los propios dirigentes que asistieron, es la primera vez que est\u00e1n presentes en el Ministerio todas las entidades del sector primario, el sector industrial a trav\u00e9s del CIL, de la APYMEL y de la Junta Intercoperativa de Productores de Leche y funcionarios del MINAGRI y del Ministerio de Industria y Comercio.<\/p>\n<p>Marcelo Aimaro es productor y presidente de la Mesa de Productores de Leche de Santa Fe (MEPROLSAFE). A su regreso de Capital Federal luego de asistir en el Ministerio de Agricultura, Ganader\u00eda y Pesca de la Naci\u00f3n, a la primera reuni\u00f3n que realiza el nuevo Ministro C. Casamiquela con la producci\u00f3n lechera, el dirigente coment\u00f3 a\u00a0<b>Nuestro Agro<\/b>: \u201cpor primera vez estuvieron todos los actores de la cadena aunque el supermercadismo no asiste, y pudimos plantear situaciones coyunturales primero y cuestiones estructurales despu\u00e9s, cada parte expuso sobre su realidad\u201d.<\/p>\n<p>Aimaro destac\u00f3 la amplia representaci\u00f3n de todas las entidades lecheras, de la industria y del gobierno. \u201cNosotros m\u00e1s que los problemas coyunturales le expusimos una rese\u00f1a hist\u00f3rica de todo lo que ocurre cuando se da un escenario muy parecido al de hoy, con precios internacionales altos, la disputa de materia prima entre las elaboradoras de polvo, el tema del valor de cambio que se dispara, advertimos que no se termine con un precio de corte, reclamamos que se trabaje sobre lo estructural\u201d. El presidente de la entidad santafesina agreg\u00f3: \u201cinsistimos en que de una vez por todas se establezca un sistema de regulaci\u00f3n que permita abastecer el mercado interno y los excedentes se exporten y que se establezca cu\u00e1les son los vol\u00famenes que se necesitan producir\u201d, por lo cual \u201centendemos que no hay mucho misterio en torno a lo que hay que hacer\u201d, sostuvo Aimaro<\/p>\n<p>\u201cNosotros vamos a hacer propuestas para que se analicen, nosotros no vamos s\u00f3lo con un problema, sino que llevamos propuestas como herramientas, la Subsecretar\u00eda tiene un mont\u00f3n de an\u00e1lisis para establecer una pol\u00edtica de equilibrio. Creemos que es el momento de sentarnos a definir una pol\u00edtica definitiva\u201d.<\/p>\n<p><b>\u00bfSe habl\u00f3 de precios?<\/b><\/p>\n<p>Aimaro respondi\u00f3 que \u201cno se habl\u00f3 de precio, el ministro dijo al comienzo que no se hab\u00eda convocado para hablar de precios, pero el presidente del CIL Miguel Paul\u00f3n coment\u00f3 que estimaba que pod\u00eda haber 10 centavos de aumento por la producci\u00f3n de enero y un fuerte aumento para febrero pero no habl\u00f3 de n\u00fameros, textuales palabras de Paul\u00f3n\u201d.<\/p>\n<p>Agreg\u00f3 que \u201cel promedio pagado por el CIL en diciembre fue de $ 2,36 por lo que estimamos que en enero se estar\u00eda en los $ 2,46\/2,48 y en febrero se rondar\u00eda los $ 2,70, pero bueno, todo depende tambi\u00e9n de c\u00f3mo negociemos los productores porque vemos que los costos nos diluyen la poca rentabilidad que ten\u00edamos\u201d. Seg\u00fan Aimaro, el representante del CIL manifest\u00f3 que \u201cen la industria est\u00e1n preocupados por la situaci\u00f3n de los productores, por los costos, y adem\u00e1s insinuaron (a las autoridades) que les dejen aumentar algo los productos con \u2018precios cuidados\u2019 y que tambi\u00e9n les ha aumentado a ellos muchos costos como los envases. Y nosotros decimos que si no vemos mejorar la rentabilidad cada vez habr\u00e1 menos leche y la industria tiene que tomar nota de esto porque tener capacidad ociosa no le sirve a nadie\u201d.<\/p>\n<p>Finalmente, Aimaro destac\u00f3\u00a0 que las Mesas de Lecher\u00eda \u201cno fuimos a pedir subsidios ni ayuda de ninguna \u00edndole al Estado (aunque hoy nos hacen falta cr\u00e9ditos blandos), s\u00f3lo queremos que se resuelva el problema estructural y terminar de una buena vez con estos ciclos\u201d.<\/p>\n<p><strong>Fuente: Nuestro Agro<\/strong><\/p>\n","protected":false},"excerpt":{"rendered":"<p>Es la primera vez que fueron todos los lecheros a reunirse con el ministro Casamiquela. \u201cNosotros no vamos s\u00f3lo con un problema; llevamos propuestas como herramientas\u201d, dispar\u00f3 el presidente de MEPROLSAFE. \u00bfQu\u00e9 pasar\u00e1 con el precio?<\/p>\n","protected":false},"author":5,"featured_media":0,"comment_status":"closed","ping_status":"closed","sticky":false,"template":"","format":"standard","meta":[],"categories":[46,33],"tags":[518,519],"_links":{"self":[{"href":"http:\/\/rurallascolonias.com.ar\/index.php?rest_route=\/wp\/v2\/posts\/1292"}],"collection":[{"href":"http:\/\/rurallascolonias.com.ar\/index.php?rest_route=\/wp\/v2\/posts"}],"about":[{"href":"http:\/\/rurallascolonias.com.ar\/index.php?rest_route=\/wp\/v2\/types\/post"}],"author":[{"embeddable":true,"href":"http:\/\/rurallascolonias.com.ar\/index.php?rest_route=\/wp\/v2\/users\/5"}],"replies":[{"embeddable":true,"href":"http:\/\/rurallascolonias.com.ar\/index.php?rest_route=%2Fwp%2Fv2%2Fcomments&post=1292"}],"version-history":[{"count":2,"href":"http:\/\/rurallascolonias.com.ar\/index.php?rest_route=\/wp\/v2\/posts\/1292\/revisions"}],"predecessor-version":[{"id":1295,"href":"http:\/\/rurallascolonias.com.ar\/index.php?rest_route=\/wp\/v2\/posts\/1292\/revisions\/1295"}],"wp:attachment":[{"href":"http:\/\/rurallascolonias.com.ar\/index.php?rest_route=%2Fwp%2Fv2%2Fmedia&parent=1292"}],"wp:term":[{"taxonomy":"category","embeddable":true,"href":"http:\/\/rurallascolonias.com.ar\/index.php?rest_route=%2Fwp%2Fv2%2Fcategories&post=1292"},{"taxonomy":"post_tag","embeddable":true,"href":"http:\/\/rurallascolonias.com.ar\/index.php?rest_route=%2Fwp%2Fv2%2Ftags&post=1292"}],"curies":[{"name":"wp","href":"https:\/\/api.w.org\/{rel}","templated":true}]}}