{"id":12915,"date":"2016-12-15T16:14:41","date_gmt":"2016-12-15T16:14:41","guid":{"rendered":"http:\/\/rurallascolonias.com.ar\/?p=12915"},"modified":"2016-12-15T16:14:41","modified_gmt":"2016-12-15T16:14:41","slug":"lecheria-como-eje-social-economico-y-cultural","status":"publish","type":"post","link":"http:\/\/rurallascolonias.com.ar\/?p=12915","title":{"rendered":"Lecher\u00eda como eje social, econ\u00f3mico y cultural"},"content":{"rendered":"<p><em><strong><a href=\"http:\/\/rurallascolonias.com.ar\/?attachment_id=6322\" rel=\"attachment wp-att-6322\"><img loading=\"lazy\" class=\"alignleft size-full wp-image-6322\" src=\"http:\/\/rurallascolonias.com.ar\/wp-content\/uploads\/2015\/04\/vacas.png\" alt=\"vacas\" width=\"230\" height=\"219\" \/><\/a>\u201cNuestro compromiso con el sector l\u00e1cteo es permanente. Estamos convencidos que la lecher\u00eda es estrat\u00e9gica y fundamental para Santa Fe\u201d destac\u00f3 el diputado provincial Omar Mart\u00ednez (PS-FPCyS)<\/strong><\/em><!--more--><\/p>\n<p>El legislador se reuni\u00f3 esta semana en el Ministerio de la Producci\u00f3n con funcionarios de la cartera y con representantes de las peque\u00f1as y medianas industrias. Adem\u00e1s, dialog\u00f3 con directivos de la Cooperativa de Tamberos Limitada \u201cLa Humbertina\u201d y del Instituto Superior de T\u00e9cnicos en Industrias L\u00e1cteas en Humberto Primo.<\/p>\n<p>Mart\u00ednez subray\u00f3 \u201cEn Santa Fe existen alrededor de cien peque\u00f1as o medianas industrias l\u00e1cteas. Esto nos define sin lugar a dudas como provincia. La lecher\u00eda no es s\u00f3lo un tema econ\u00f3mico. Nos atraviesa social y culturalmente\u201d. A esto, agreg\u00f3 \u201cestas industrias son sin\u00f3nimo de arraigo, son oportunidades en cada uno de esa centena de pueblos o ciudades donde est\u00e1n instaladas. Por esto, nuestro trabajo es permanente con el sector\u201d.<\/p>\n<p>http:\/\/www.diariocastellanos.net<\/p>\n","protected":false},"excerpt":{"rendered":"<p>\u201cNuestro compromiso con el sector l\u00e1cteo es permanente. Estamos convencidos que la lecher\u00eda es estrat\u00e9gica y fundamental para Santa Fe\u201d destac\u00f3 el diputado provincial Omar Mart\u00ednez (PS-FPCyS)<\/p>\n","protected":false},"author":5,"featured_media":0,"comment_status":"open","ping_status":"open","sticky":false,"template":"","format":"standard","meta":[],"categories":[46],"tags":[3403,3404,12,3405],"_links":{"self":[{"href":"http:\/\/rurallascolonias.com.ar\/index.php?rest_route=\/wp\/v2\/posts\/12915"}],"collection":[{"href":"http:\/\/rurallascolonias.com.ar\/index.php?rest_route=\/wp\/v2\/posts"}],"about":[{"href":"http:\/\/rurallascolonias.com.ar\/index.php?rest_route=\/wp\/v2\/types\/post"}],"author":[{"embeddable":true,"href":"http:\/\/rurallascolonias.com.ar\/index.php?rest_route=\/wp\/v2\/users\/5"}],"replies":[{"embeddable":true,"href":"http:\/\/rurallascolonias.com.ar\/index.php?rest_route=%2Fwp%2Fv2%2Fcomments&post=12915"}],"version-history":[{"count":1,"href":"http:\/\/rurallascolonias.com.ar\/index.php?rest_route=\/wp\/v2\/posts\/12915\/revisions"}],"predecessor-version":[{"id":12916,"href":"http:\/\/rurallascolonias.com.ar\/index.php?rest_route=\/wp\/v2\/posts\/12915\/revisions\/12916"}],"wp:attachment":[{"href":"http:\/\/rurallascolonias.com.ar\/index.php?rest_route=%2Fwp%2Fv2%2Fmedia&parent=12915"}],"wp:term":[{"taxonomy":"category","embeddable":true,"href":"http:\/\/rurallascolonias.com.ar\/index.php?rest_route=%2Fwp%2Fv2%2Fcategories&post=12915"},{"taxonomy":"post_tag","embeddable":true,"href":"http:\/\/rurallascolonias.com.ar\/index.php?rest_route=%2Fwp%2Fv2%2Ftags&post=12915"}],"curies":[{"name":"wp","href":"https:\/\/api.w.org\/{rel}","templated":true}]}}