{"id":12913,"date":"2016-12-15T16:09:31","date_gmt":"2016-12-15T16:09:31","guid":{"rendered":"http:\/\/rurallascolonias.com.ar\/?p=12913"},"modified":"2016-12-15T16:09:31","modified_gmt":"2016-12-15T16:09:31","slug":"lecheria-y-ley-de-semillas-los-rojos-de-la-gestion-macri-segun-cra","status":"publish","type":"post","link":"http:\/\/rurallascolonias.com.ar\/?p=12913","title":{"rendered":"Lecher\u00eda y Ley de Semillas: los \u201crojos\u201d de la gesti\u00f3n Macri, seg\u00fan CRA"},"content":{"rendered":"<p><em><strong><a href=\"http:\/\/rurallascolonias.com.ar\/?attachment_id=10563\" rel=\"attachment wp-att-10563\"><img loading=\"lazy\" class=\"alignleft size-full wp-image-10563\" src=\"http:\/\/rurallascolonias.com.ar\/wp-content\/uploads\/2016\/04\/CHIESA-2.jpg\" alt=\"CHIESA 2\" width=\"299\" height=\"169\" \/><\/a>El presidente de la entidad, Dardo Chiesa, destac\u00f3 el \u201cgiro de 180 grados\u201d que signific\u00f3 el cambio de gobierno para el agro, pero asegur\u00f3 que a\u00fan quedan \u201cgrandes problemas sin resolver\u201d<\/strong><\/em><!--more--><\/p>\n<p>El presidente de Confederaciones Rurales Argentinas (CRA), Dardo Chiesa, consider\u00f3 que 2016 dej\u00f3 como saldo \u201cun giro de 180 grados para los argentinos y para el sector agropecuario en particular\u201d, pero que, a la vez, quedan pendientes \u201cgrandes problemas a\u00fan sin resolver\u201d.<\/p>\n<p>Chiesa formul\u00f3 estas expresiones en la editorial que encabeza la revista de diciembre de CRA, en la que destaca las medidas tomadas por Cambiemos, como la quita de retenciones y la eliminaci\u00f3n de los ROE, que \u201cabrieron las puertas que como pa\u00eds y como sector agropecuario necesit\u00e1bamos para alinearnos con el mundo\u201d.<\/p>\n<p>\u201cQue los productores agropecuarios vuelvan a ser considerados una parte trascendental de la econom\u00eda argentina fue un gran avance que nos da una visi\u00f3n de negocio distinta de cara al futuro\u201d, destac\u00f3 Chiesa en su art\u00edculo.<\/p>\n<p>Cuentas pendientes<br \/>\nSin embargo, el titular de CRA expres\u00f3 que \u201clas medidas macroecon\u00f3micas no alcanzan en un pa\u00eds donde cada regi\u00f3n, cada producci\u00f3n agropecuaria y cada productor tienen realidades distintas que deben ser atendidas seg\u00fan sus particularidades\u201d, en l\u00ednea con lo expresado recientemente a Agrovoz por el titular de Coninagro, Carlos Iannizzotto.<\/p>\n<p>En este sentido, Chiesa asegur\u00f3 que \u201cen la parte en rojo que nos deja la gesti\u00f3n de gobierno queda sobre la mesa haber comenzado este a\u00f1o con dos grandes problemas que finalizado el 2016 siguen sin resolverse: la crisis lechera, por un lado, y una nueva ley de semillas que traiga paz\u201d.<\/p>\n<p>Lecher\u00eda<br \/>\n\u201cEn lecher\u00eda es grave que hasta hoy ni siquiera nos hayamos podido sentar de manera oficial en una misma mesa a todos los actores, desde los tamberos hasta el supermercadismo, a negociar posiciones para que la cadena l\u00e1ctea deje de ser desigual. La situaci\u00f3n de los productores es desesperante y el cierre constante de tambos es una muestra de que es imposible continuar con estos n\u00fameros que llevan al quebranto econ\u00f3mico\u201d, subray\u00f3 Chiesa.<\/p>\n<p>Y a\u00f1adi\u00f3: \u201cSe ha perdido mucho tiempo y eso nos preocupa porque el resultado para muchos de nuestros productores no ha sido bueno como conclusi\u00f3n del a\u00f1o que se va\u201d.<\/p>\n<p>Ley de Semillas<br \/>\nCon respecto al debate por una nueva normativa que regule el comercio de semillas en el pa\u00eds y el pago por las tecnolog\u00edas incorporadas en las mismas, el titular de CRA sostuvo que \u201chay consensos compartidos entre todos los eslabones de la cadena granaria\u201d y que uno de esos acuerdos es que el funcionamiento del Instituto Nacional de Semillas (Inase), \u201choy forma parte del problema y no de la soluci\u00f3n, al no posicionarse a la altura de la situaci\u00f3n que nos atraviesa\u201d.<\/p>\n<p>\u201cEs imposible encontrar soluciones y pensar en un nuevo marco legal que d\u00e9 seguridad a los productores y a las empresas semilleras si no existe la confianza en el organismo de control\u201d, dispar\u00f3 Chiesa.<\/p>\n<p>Lo que viene<\/p>\n<p>Mirando hacia 2017, la editorial de CRA concluye mencionando que \u201cestamos con muchas expectativas en lo que vendr\u00e1. Y asistiremos al crecimiento econ\u00f3mico con mayor inversi\u00f3n, como siempre lo ha hecho el productor, sabiendo que se viene un a\u00f1o con dificultades y que es necesario el acompa\u00f1amiento no solamente del agropecuario sino de todos los sectores\u201d.<\/p>\n<p>http:\/\/www.agrovoz.com.ar<\/p>\n","protected":false},"excerpt":{"rendered":"<p>El presidente de la entidad, Dardo Chiesa, destac\u00f3 el \u201cgiro de 180 grados\u201d que signific\u00f3 el cambio de gobierno para el agro, pero asegur\u00f3 que a\u00fan quedan \u201cgrandes problemas sin resolver\u201d<\/p>\n","protected":false},"author":5,"featured_media":0,"comment_status":"open","ping_status":"open","sticky":false,"template":"","format":"standard","meta":[],"categories":[14],"tags":[30,3402,12,2439],"_links":{"self":[{"href":"http:\/\/rurallascolonias.com.ar\/index.php?rest_route=\/wp\/v2\/posts\/12913"}],"collection":[{"href":"http:\/\/rurallascolonias.com.ar\/index.php?rest_route=\/wp\/v2\/posts"}],"about":[{"href":"http:\/\/rurallascolonias.com.ar\/index.php?rest_route=\/wp\/v2\/types\/post"}],"author":[{"embeddable":true,"href":"http:\/\/rurallascolonias.com.ar\/index.php?rest_route=\/wp\/v2\/users\/5"}],"replies":[{"embeddable":true,"href":"http:\/\/rurallascolonias.com.ar\/index.php?rest_route=%2Fwp%2Fv2%2Fcomments&post=12913"}],"version-history":[{"count":1,"href":"http:\/\/rurallascolonias.com.ar\/index.php?rest_route=\/wp\/v2\/posts\/12913\/revisions"}],"predecessor-version":[{"id":12914,"href":"http:\/\/rurallascolonias.com.ar\/index.php?rest_route=\/wp\/v2\/posts\/12913\/revisions\/12914"}],"wp:attachment":[{"href":"http:\/\/rurallascolonias.com.ar\/index.php?rest_route=%2Fwp%2Fv2%2Fmedia&parent=12913"}],"wp:term":[{"taxonomy":"category","embeddable":true,"href":"http:\/\/rurallascolonias.com.ar\/index.php?rest_route=%2Fwp%2Fv2%2Fcategories&post=12913"},{"taxonomy":"post_tag","embeddable":true,"href":"http:\/\/rurallascolonias.com.ar\/index.php?rest_route=%2Fwp%2Fv2%2Ftags&post=12913"}],"curies":[{"name":"wp","href":"https:\/\/api.w.org\/{rel}","templated":true}]}}