{"id":12875,"date":"2016-12-13T16:18:09","date_gmt":"2016-12-13T16:18:09","guid":{"rendered":"http:\/\/rurallascolonias.com.ar\/?p=12875"},"modified":"2016-12-13T16:18:09","modified_gmt":"2016-12-13T16:18:09","slug":"el-consumo-de-carne-vacuna-cayo-67-en-lo-que-va-del-ano","status":"publish","type":"post","link":"http:\/\/rurallascolonias.com.ar\/?p=12875","title":{"rendered":"El consumo de carne vacuna cay\u00f3 6,7% en lo que va del a\u00f1o"},"content":{"rendered":"<p><em><strong><a href=\"http:\/\/rurallascolonias.com.ar\/?attachment_id=12876\" rel=\"attachment wp-att-12876\"><img loading=\"lazy\" class=\"aligncenter wp-image-12876 size-medium\" src=\"http:\/\/rurallascolonias.com.ar\/wp-content\/uploads\/2016\/12\/gondola-carne-631x280-280-631-1378-300x133.jpg\" alt=\"gondola-carne-631x280-280-631-1378\" width=\"300\" height=\"133\" srcset=\"http:\/\/rurallascolonias.com.ar\/wp-content\/uploads\/2016\/12\/gondola-carne-631x280-280-631-1378-300x133.jpg 300w, http:\/\/rurallascolonias.com.ar\/wp-content\/uploads\/2016\/12\/gondola-carne-631x280-280-631-1378-600x266.jpg 600w, http:\/\/rurallascolonias.com.ar\/wp-content\/uploads\/2016\/12\/gondola-carne-631x280-280-631-1378-624x277.jpg 624w, http:\/\/rurallascolonias.com.ar\/wp-content\/uploads\/2016\/12\/gondola-carne-631x280-280-631-1378.jpg 631w\" sizes=\"(max-width: 300px) 100vw, 300px\" \/><\/a>Para CICCRA se debe a \u00abla ca\u00edda de la capacidad adquisitiva de la poblaci\u00f3n\u00bb<\/strong><\/em><!--more--><\/p>\n<p>Un informe de la C\u00e1mara de\u00a0la Industria y Comercio de Carnes y Derivados de la Republica Argentina (CICCRA) se\u00f1al\u00f3 que el consumo de carne vacuna en lo que va del a\u00f1o cay\u00f3 6,7% interanual, a causa de \u201cla ca\u00edda de la capacidad adquisitiva de la poblaci\u00f3n (por aceleraci\u00f3n de la tasa de inflaci\u00f3n y por ca\u00edda del nivel de actividad general y del nivel de empleo)\u201d.<\/p>\n<p>De esta forma,\u00a0absorbi\u00f3 154,7 mil toneladas res con hueso menos que en enero-noviembre de 2015. \u201cEsto hizo que el consumo interno representara 90,41% de la producci\u00f3n total (-2 puntos porcentuales en relaci\u00f3n al mismo per\u00edodo de 2015)\u201d, explic\u00f3 la entidad que conduce Miguel Schiariti.<\/p>\n<p>Fuente: Infocampo<\/p>\n","protected":false},"excerpt":{"rendered":"<p>Para CICCRA se debe a \u00abla ca\u00edda de la capacidad adquisitiva de la poblaci\u00f3n\u00bb<\/p>\n","protected":false},"author":5,"featured_media":0,"comment_status":"open","ping_status":"open","sticky":false,"template":"","format":"standard","meta":[],"categories":[1],"tags":[],"_links":{"self":[{"href":"http:\/\/rurallascolonias.com.ar\/index.php?rest_route=\/wp\/v2\/posts\/12875"}],"collection":[{"href":"http:\/\/rurallascolonias.com.ar\/index.php?rest_route=\/wp\/v2\/posts"}],"about":[{"href":"http:\/\/rurallascolonias.com.ar\/index.php?rest_route=\/wp\/v2\/types\/post"}],"author":[{"embeddable":true,"href":"http:\/\/rurallascolonias.com.ar\/index.php?rest_route=\/wp\/v2\/users\/5"}],"replies":[{"embeddable":true,"href":"http:\/\/rurallascolonias.com.ar\/index.php?rest_route=%2Fwp%2Fv2%2Fcomments&post=12875"}],"version-history":[{"count":1,"href":"http:\/\/rurallascolonias.com.ar\/index.php?rest_route=\/wp\/v2\/posts\/12875\/revisions"}],"predecessor-version":[{"id":12877,"href":"http:\/\/rurallascolonias.com.ar\/index.php?rest_route=\/wp\/v2\/posts\/12875\/revisions\/12877"}],"wp:attachment":[{"href":"http:\/\/rurallascolonias.com.ar\/index.php?rest_route=%2Fwp%2Fv2%2Fmedia&parent=12875"}],"wp:term":[{"taxonomy":"category","embeddable":true,"href":"http:\/\/rurallascolonias.com.ar\/index.php?rest_route=%2Fwp%2Fv2%2Fcategories&post=12875"},{"taxonomy":"post_tag","embeddable":true,"href":"http:\/\/rurallascolonias.com.ar\/index.php?rest_route=%2Fwp%2Fv2%2Ftags&post=12875"}],"curies":[{"name":"wp","href":"https:\/\/api.w.org\/{rel}","templated":true}]}}